{"id":76523,"date":"2020-02-19T05:15:00","date_gmt":"2020-02-19T10:15:00","guid":{"rendered":"https:\/\/linitiative.ca\/International\/le-proces-dabdelghani-hamel-reporte-au-11-mars\/"},"modified":"2020-02-19T05:15:00","modified_gmt":"2020-02-19T10:15:00","slug":"le-proces-dabdelghani-hamel-reporte-au-11-mars","status":"publish","type":"post","link":"https:\/\/linitiative.ca\/International\/le-proces-dabdelghani-hamel-reporte-au-11-mars\/","title":{"rendered":"Le proc\u00e8s d\u2019Abdelghani Hamel report\u00e9 au 11 mars"},"content":{"rendered":"<div id=\"originalText\" readability=\"51\">\n<p>Le proc\u00e8s de l\u2019ex Directeur g\u00e9n\u00e9ral de la S\u00fbret\u00e9 nationale (DGSN),\u00a0 Abdelghani Hamel, qui devait s\u2019ouvrir aujourd\u2019hui, au tribunal de Sidi M\u2019hamed, \u00e0 Alger, a \u00e9t\u00e9 report\u00e9 au 11 mars prochain \u00e0 la demande de la d\u00e9fense.<\/p>\n<p>En d\u00e9tention provisoire \u00e0 la prison d\u2019El Harrach depuis juillet 2019, Abdelghani Hamel est poursuivi, avec des membres de sa famille et d\u2019anciens hauts responsables, pour, entre autres, \u00abd\u00e9tournement de foncier\u00bb, \u00abenrichissement illicite\u00bb, \u00abblanchiment d\u2019argent\u00bb et \u00ab\u00a0abus de pouvoir\u00bb.<\/p>\n<p class=\"c6\"><strong>R\u00e9daction Web<\/strong><\/p>\n<\/div>\n<div id=\"text_core\" readability=\"51\">\n<p>Le proc\u00e8s de l\u2019ex Directeur g\u00e9n\u00e9ral de la S\u00fbret\u00e9 nationale (DGSN),\u00a0 Abdelghani Hamel, qui devait s\u2019ouvrir aujourd\u2019hui, au tribunal de Sidi M\u2019hamed, \u00e0 Alger, a \u00e9t\u00e9 report\u00e9 au 11 mars prochain \u00e0 la demande de la d\u00e9fense.<\/p>\n<p>En d\u00e9tention provisoire \u00e0 la prison d\u2019El Harrach depuis juillet 2019, Abdelghani Hamel est poursuivi, avec des membres de sa famille et d\u2019anciens hauts responsables, pour, entre autres, \u00abd\u00e9tournement de foncier\u00bb, \u00abenrichissement illicite\u00bb, \u00abblanchiment d\u2019argent\u00bb et \u00ab\u00a0abus de pouvoir\u00bb.<\/p>\n<p class=\"c6\"><strong>R\u00e9daction Web<\/strong><\/p>\n<\/div>\n<p>Auteur:<br \/>\n<a href=\"https:\/\/www.liberte-algerie.com\/actualite\/le-proces-dabdelghani-hamel-reporte-au-11-mars-334241\">Cliquez ici pour lire l&rsquo;article depuis sa source.<\/a><\/p>\n","protected":false},"excerpt":{"rendered":"<p>Le proc\u00e8s de l\u2019ex Directeur g\u00e9n\u00e9ral de la S\u00fbret\u00e9 nationale (DGSN),\u00a0 Abdelghani Hamel, qui devait s\u2019ouvrir aujourd\u2019hui, au tribunal de Sidi M\u2019hamed, \u00e0 Alger, a \u00e9t\u00e9 report\u00e9 au 11 mars prochain \u00e0 la demande de la d\u00e9fense. En d\u00e9tention provisoire \u00e0 la prison d\u2019El Harrach depuis juillet 2019, Abdelghani Hamel est poursuivi, avec des membres [&hellip;]<\/p>\n","protected":false},"author":1742,"featured_media":0,"comment_status":"closed","ping_status":"closed","sticky":false,"template":"","format":"standard","meta":{"fifu_image_url":"","fifu_image_alt":"","footnotes":""},"categories":[73,53],"tags":[],"class_list":["post-76523","post","type-post","status-publish","format-standard","hentry","category-actualite","category-algerie"],"_links":{"self":[{"href":"https:\/\/linitiative.ca\/International\/wp-json\/wp\/v2\/posts\/76523","targetHints":{"allow":["GET"]}}],"collection":[{"href":"https:\/\/linitiative.ca\/International\/wp-json\/wp\/v2\/posts"}],"about":[{"href":"https:\/\/linitiative.ca\/International\/wp-json\/wp\/v2\/types\/post"}],"author":[{"embeddable":true,"href":"https:\/\/linitiative.ca\/International\/wp-json\/wp\/v2\/users\/1742"}],"replies":[{"embeddable":true,"href":"https:\/\/linitiative.ca\/International\/wp-json\/wp\/v2\/comments?post=76523"}],"version-history":[{"count":0,"href":"https:\/\/linitiative.ca\/International\/wp-json\/wp\/v2\/posts\/76523\/revisions"}],"wp:attachment":[{"href":"https:\/\/linitiative.ca\/International\/wp-json\/wp\/v2\/media?parent=76523"}],"wp:term":[{"taxonomy":"category","embeddable":true,"href":"https:\/\/linitiative.ca\/International\/wp-json\/wp\/v2\/categories?post=76523"},{"taxonomy":"post_tag","embeddable":true,"href":"https:\/\/linitiative.ca\/International\/wp-json\/wp\/v2\/tags?post=76523"}],"curies":[{"name":"wp","href":"https:\/\/api.w.org\/{rel}","templated":true}]}}