{"id":76524,"date":"2020-02-19T06:00:00","date_gmt":"2020-02-19T11:00:00","guid":{"rendered":"https:\/\/linitiative.ca\/International\/moscou-met-en-garde-la-turquie-contre-une-offensive-visant-les-forces-syriennes\/"},"modified":"2020-02-19T06:00:00","modified_gmt":"2020-02-19T11:00:00","slug":"moscou-met-en-garde-la-turquie-contre-une-offensive-visant-les-forces-syriennes","status":"publish","type":"post","link":"https:\/\/linitiative.ca\/International\/moscou-met-en-garde-la-turquie-contre-une-offensive-visant-les-forces-syriennes\/","title":{"rendered":"Moscou met en garde la Turquie contre une offensive visant les forces syriennes"},"content":{"rendered":"<div id=\"originalText\" readability=\"48\">\n<p>Le Kremlin a mis en garde mercredi la Turquie contre une intervention militaire visant les forces syriennes dans la\u00a0 r\u00e9gion d&rsquo;Idleb, le pr\u00e9sident turc ayant menac\u00e9 d&rsquo;y d\u00e9clencher une offensive\u00a0 \u00ab\u00a0imminente\u00a0\u00bb, rapporte ce matin l\u2019agence de presse fran\u00e7aise (AFP). \u00a0\u00a0<\/p>\n<p>\u00ab\u00a0S&rsquo;il s&rsquo;agit d&rsquo;une op\u00e9ration contre le pouvoir l\u00e9gitime de la r\u00e9publique\u00a0 syrienne et des forces arm\u00e9es de la r\u00e9publique syrienne, ce sera, sans doute\u00a0 bien s\u00fbr, la pire des options\u00a0\u00bb, a d\u00e9clar\u00e9 le porte-parole du Kremlin, Dmitri\u00a0 Peskov, au cours d&rsquo;un briefing t\u00e9l\u00e9phonique avec des journalistes, selon toujours la m\u00eame source. \u00a0<\/p>\n<p class=\"c6\"><strong>R\u00e9daction Web<\/strong><\/p>\n<\/div>\n<div id=\"text_core\" readability=\"48\">\n<p>Le Kremlin a mis en garde mercredi la Turquie contre une intervention militaire visant les forces syriennes dans la\u00a0 r\u00e9gion d&rsquo;Idleb, le pr\u00e9sident turc ayant menac\u00e9 d&rsquo;y d\u00e9clencher une offensive\u00a0 \u00ab\u00a0imminente\u00a0\u00bb, rapporte ce matin l\u2019agence de presse fran\u00e7aise (AFP). \u00a0\u00a0<\/p>\n<p>\u00ab\u00a0S&rsquo;il s&rsquo;agit d&rsquo;une op\u00e9ration contre le pouvoir l\u00e9gitime de la r\u00e9publique\u00a0 syrienne et des forces arm\u00e9es de la r\u00e9publique syrienne, ce sera, sans doute\u00a0 bien s\u00fbr, la pire des options\u00a0\u00bb, a d\u00e9clar\u00e9 le porte-parole du Kremlin, Dmitri\u00a0 Peskov, au cours d&rsquo;un briefing t\u00e9l\u00e9phonique avec des journalistes, selon toujours la m\u00eame source. \u00a0<\/p>\n<p class=\"c6\"><strong>R\u00e9daction Web<\/strong><\/p>\n<\/div>\n<p>Auteur:<br \/>\n<a href=\"https:\/\/www.liberte-algerie.com\/international\/moscou-met-en-garde-la-turquie-contre-une-offensive-visant-les-forces-syriennes-334242\">Cliquez ici pour lire l&rsquo;article depuis sa source.<\/a><\/p>\n","protected":false},"excerpt":{"rendered":"<p>Le Kremlin a mis en garde mercredi la Turquie contre une intervention militaire visant les forces syriennes dans la\u00a0 r\u00e9gion d&rsquo;Idleb, le pr\u00e9sident turc ayant menac\u00e9 d&rsquo;y d\u00e9clencher une offensive\u00a0 \u00ab\u00a0imminente\u00a0\u00bb, rapporte ce matin l\u2019agence de presse fran\u00e7aise (AFP). \u00a0\u00a0 \u00ab\u00a0S&rsquo;il s&rsquo;agit d&rsquo;une op\u00e9ration contre le pouvoir l\u00e9gitime de la r\u00e9publique\u00a0 syrienne et des forces [&hellip;]<\/p>\n","protected":false},"author":1742,"featured_media":0,"comment_status":"closed","ping_status":"closed","sticky":false,"template":"","format":"standard","meta":{"fifu_image_url":"","fifu_image_alt":"","footnotes":""},"categories":[73,53],"tags":[],"class_list":["post-76524","post","type-post","status-publish","format-standard","hentry","category-actualite","category-algerie"],"_links":{"self":[{"href":"https:\/\/linitiative.ca\/International\/wp-json\/wp\/v2\/posts\/76524","targetHints":{"allow":["GET"]}}],"collection":[{"href":"https:\/\/linitiative.ca\/International\/wp-json\/wp\/v2\/posts"}],"about":[{"href":"https:\/\/linitiative.ca\/International\/wp-json\/wp\/v2\/types\/post"}],"author":[{"embeddable":true,"href":"https:\/\/linitiative.ca\/International\/wp-json\/wp\/v2\/users\/1742"}],"replies":[{"embeddable":true,"href":"https:\/\/linitiative.ca\/International\/wp-json\/wp\/v2\/comments?post=76524"}],"version-history":[{"count":0,"href":"https:\/\/linitiative.ca\/International\/wp-json\/wp\/v2\/posts\/76524\/revisions"}],"wp:attachment":[{"href":"https:\/\/linitiative.ca\/International\/wp-json\/wp\/v2\/media?parent=76524"}],"wp:term":[{"taxonomy":"category","embeddable":true,"href":"https:\/\/linitiative.ca\/International\/wp-json\/wp\/v2\/categories?post=76524"},{"taxonomy":"post_tag","embeddable":true,"href":"https:\/\/linitiative.ca\/International\/wp-json\/wp\/v2\/tags?post=76524"}],"curies":[{"name":"wp","href":"https:\/\/api.w.org\/{rel}","templated":true}]}}