{"id":76525,"date":"2020-02-19T07:00:00","date_gmt":"2020-02-19T12:00:00","guid":{"rendered":"https:\/\/linitiative.ca\/International\/le-pad-ouvre-les-consultations-pour-la-conference-nationale\/"},"modified":"2020-02-19T07:00:00","modified_gmt":"2020-02-19T12:00:00","slug":"le-pad-ouvre-les-consultations-pour-la-conference-nationale","status":"publish","type":"post","link":"https:\/\/linitiative.ca\/International\/le-pad-ouvre-les-consultations-pour-la-conference-nationale\/","title":{"rendered":"Le PAD ouvre les consultations pour la conf\u00e9rence nationale"},"content":{"rendered":"<div id=\"originalText\" readability=\"56\">\n<p>Les Forces du Pacte de l&rsquo;Alternative D\u00e9mocratique \u00abcomptent engager d\u00e8s maintenant les consultations les plus larges avec toutes les organisations et personnalit\u00e9s qui rejettent le fait accompli des tenants du pouvoir\u00bb, a fait savoir, ce mercredi, le PAD dans une d\u00e9claration partag\u00e9e sur sa page facebook, pr\u00e9cisant que \u00abl\u2019objectif est l\u2019aboutissement pacifique des revendications d\u00e9mocratiques, \u00e9conomiques et sociales\u00bb.<\/p>\n<p>Le PAD, qui a r\u00e9it\u00e9r\u00e9, par ailleurs, \u00a0\u00abl\u2019exigence de lib\u00e9ration imm\u00e9diate de l\u2019ensemble des d\u00e9tenus politiques et d\u2019opinions avec leur totale r\u00e9habilitation\u00bb, reste \u00abconvaincu que seule la r\u00e9sistance paie\u00bb et \u00abs\u2019associe aux appels qui pr\u00f4nent \u00e0 faire des dates du 21 et du22 f\u00e9vrier 2020, un moment fort de la mobilisation populaire pour disqualifier l&rsquo;agenda de la r\u00e9g\u00e9n\u00e9ration du syst\u00e8me et jeter les bases d\u2019une nouvelle r\u00e9publique\u00bb.<\/p>\n<p>Pour rappel, le PAD, qui a tenu ses assises d\u00e9mocratiques le 25 janvier dernier, travaille \u00e0 organiser une conf\u00e9rence nationale pour une transition d\u00e9mocratique.\u00a0<\/p>\n<p class=\"c6\"><strong>R\u00e9daction Web<\/strong><\/p>\n<\/div>\n<div id=\"text_core\" readability=\"56\">\n<p>Les Forces du Pacte de l&rsquo;Alternative D\u00e9mocratique \u00abcomptent engager d\u00e8s maintenant les consultations les plus larges avec toutes les organisations et personnalit\u00e9s qui rejettent le fait accompli des tenants du pouvoir\u00bb, a fait savoir, ce mercredi, le PAD dans une d\u00e9claration partag\u00e9e sur sa page facebook, pr\u00e9cisant que \u00abl\u2019objectif est l\u2019aboutissement pacifique des revendications d\u00e9mocratiques, \u00e9conomiques et sociales\u00bb.<\/p>\n<p>Le PAD, qui a r\u00e9it\u00e9r\u00e9, par ailleurs, \u00a0\u00abl\u2019exigence de lib\u00e9ration imm\u00e9diate de l\u2019ensemble des d\u00e9tenus politiques et d\u2019opinions avec leur totale r\u00e9habilitation\u00bb, reste \u00abconvaincu que seule la r\u00e9sistance paie\u00bb et \u00abs\u2019associe aux appels qui pr\u00f4nent \u00e0 faire des dates du 21 et du22 f\u00e9vrier 2020, un moment fort de la mobilisation populaire pour disqualifier l&rsquo;agenda de la r\u00e9g\u00e9n\u00e9ration du syst\u00e8me et jeter les bases d\u2019une nouvelle r\u00e9publique\u00bb.<\/p>\n<p>Pour rappel, le PAD, qui a tenu ses assises d\u00e9mocratiques le 25 janvier dernier, travaille \u00e0 organiser une conf\u00e9rence nationale pour une transition d\u00e9mocratique.\u00a0<\/p>\n<p class=\"c6\"><strong>R\u00e9daction Web<\/strong><\/p>\n<\/div>\n<p>Auteur:<br \/>\n<a href=\"https:\/\/www.liberte-algerie.com\/actualite\/le-pad-ouvre-les-consultations-pour-la-conference-nationale-334244\">Cliquez ici pour lire l&rsquo;article depuis sa source.<\/a><\/p>\n","protected":false},"excerpt":{"rendered":"<p>Les Forces du Pacte de l&rsquo;Alternative D\u00e9mocratique \u00abcomptent engager d\u00e8s maintenant les consultations les plus larges avec toutes les organisations et personnalit\u00e9s qui rejettent le fait accompli des tenants du pouvoir\u00bb, a fait savoir, ce mercredi, le PAD dans une d\u00e9claration partag\u00e9e sur sa page facebook, pr\u00e9cisant que \u00abl\u2019objectif est l\u2019aboutissement pacifique des revendications d\u00e9mocratiques, [&hellip;]<\/p>\n","protected":false},"author":1742,"featured_media":0,"comment_status":"closed","ping_status":"closed","sticky":false,"template":"","format":"standard","meta":{"fifu_image_url":"","fifu_image_alt":"","footnotes":""},"categories":[73,53],"tags":[],"class_list":["post-76525","post","type-post","status-publish","format-standard","hentry","category-actualite","category-algerie"],"_links":{"self":[{"href":"https:\/\/linitiative.ca\/International\/wp-json\/wp\/v2\/posts\/76525","targetHints":{"allow":["GET"]}}],"collection":[{"href":"https:\/\/linitiative.ca\/International\/wp-json\/wp\/v2\/posts"}],"about":[{"href":"https:\/\/linitiative.ca\/International\/wp-json\/wp\/v2\/types\/post"}],"author":[{"embeddable":true,"href":"https:\/\/linitiative.ca\/International\/wp-json\/wp\/v2\/users\/1742"}],"replies":[{"embeddable":true,"href":"https:\/\/linitiative.ca\/International\/wp-json\/wp\/v2\/comments?post=76525"}],"version-history":[{"count":0,"href":"https:\/\/linitiative.ca\/International\/wp-json\/wp\/v2\/posts\/76525\/revisions"}],"wp:attachment":[{"href":"https:\/\/linitiative.ca\/International\/wp-json\/wp\/v2\/media?parent=76525"}],"wp:term":[{"taxonomy":"category","embeddable":true,"href":"https:\/\/linitiative.ca\/International\/wp-json\/wp\/v2\/categories?post=76525"},{"taxonomy":"post_tag","embeddable":true,"href":"https:\/\/linitiative.ca\/International\/wp-json\/wp\/v2\/tags?post=76525"}],"curies":[{"name":"wp","href":"https:\/\/api.w.org\/{rel}","templated":true}]}}