{"id":76528,"date":"2020-02-18T16:49:20","date_gmt":"2020-02-18T21:49:20","guid":{"rendered":"https:\/\/linitiative.ca\/International\/valence-cf-creation-de-la-1ere-academie-de-football-en-afrique\/"},"modified":"2020-02-18T16:49:20","modified_gmt":"2020-02-18T21:49:20","slug":"valence-cf-creation-de-la-1ere-academie-de-football-en-afrique","status":"publish","type":"post","link":"https:\/\/linitiative.ca\/International\/valence-cf-creation-de-la-1ere-academie-de-football-en-afrique\/","title":{"rendered":"Valence CF: Cr\u00e9ation de la 1\u00e8re acad\u00e9mie de football en Afrique"},"content":{"rendered":"<div readability=\"33\">\n<p>Marrakech \u2013 Le club espagnol de premi\u00e8re division Valence CF a choisi Marrakech pour la cr\u00e9ation de sa premi\u00e8re acad\u00e9mie de football en Afrique.<\/p>\n<\/div>\n<div readability=\"133\">\n<p>Lors d\u2019une conf\u00e9rence de presse tenue lundi \u00e0 la cit\u00e9 ocre, et destin\u00e9e \u00e0 mettre en exergue ce projet, des dirigeants du club espagnol ont indiqu\u00e9 que cette acad\u00e9mie ambitionne de d\u00e9tecter et de former au football professionnel, les jeunes de 05 \u00e0 18 ans issus de la r\u00e9gion Marrakech-Safi selon les syst\u00e8mes et programmes modernes de sport.<\/p>\n<p>La direction technique de cette acad\u00e9mie, qui aura comme installation centrale le Grand Stade de Marrakech, a \u00e9t\u00e9 confi\u00e9e \u00e0 Enzo Aliaga, entra\u00eeneur sous licence \u00ab\u00a0UEFA Pro\u00a0\u00bb, qui travaille dans l\u2019acad\u00e9mie du club depuis plus de 10 ans.<\/p>\n<p>Le directeur de la Valencia CF Academy, Luis Martinez, a fait part de sa grande joie d\u2019ouvrir ce nouveau projet au Maroc, l\u2019un des principaux berceaux de football au niveau du Continent africain.<\/p>\n<p>\u00ab\u00a0En tant que Club, nous voulons aider les plus jeunes \u00e0 se d\u00e9velopper selon la m\u00e9thodologie du Valence CF\u00a0\u00bb, a-t-il ajout\u00e9, remerciant \u00ab\u00a0DK Pro Sports\u00a0\u00bb, partenaire de ce projet, pour son engagement dans le sport et son engagement envers Valence CF.<\/p>\n<p>L\u2019objectif de la cr\u00e9ation de cette acad\u00e9mie consiste \u00e0 d\u00e9couvrir des talents footballistiques \u00e0 Marrakech et sa r\u00e9gion et \u00e0 conclure des partenariats avec des clubs de football de la ville et de la r\u00e9gion tels que le Kawkab de Marrakech (KACM), a-t-il insist\u00e9, indiquant qu\u2019en plus des cadres espagnols, l\u2019acad\u00e9mie recourra \u00e9galement aux techniciens marocains pour former selon la m\u00e9thodologie et la strat\u00e9gie de formation mises en place par le directeur technique et l\u2019entraineur officiel de l\u2019acad\u00e9mie.<\/p>\n<p>Selon Luis Martinez, le Maroc est connu pour la qualit\u00e9 des joueurs qu\u2019il forme et est aussi r\u00e9put\u00e9 pour \u00eatre un terreau fertile de talents, relevant que les programmes de formation du club espagnol seront adapt\u00e9s aux jeunes talents marocains.<\/p>\n<p>Le responsable des projets internationaux au club espagnol, Borja Eroles, a relev\u00e9 pour sa part, que Valence CF est dot\u00e9e d\u2019une \u00e9cole de formation des jeunes qui a d\u00e9montr\u00e9 au fil des ans son efficacit\u00e9, traduite par le nombre de joueurs form\u00e9s et qui int\u00e8grent l\u2019\u00e9quipe d\u2019\u00e9lite.<\/p>\n<p>Cet ancien joueur espagnol a soulign\u00e9 que le Maroc est dot\u00e9 d\u2019une v\u00e9ritable culture footballistique et des joueurs r\u00e9put\u00e9s pour leur technique, et c\u2019est ce qui justifie le choix du Maroc pour accueillir cette acad\u00e9mie.<\/p>\n<p>Le Maroc rejoint le r\u00e9seau international de Valence CF, s\u2019ajoutant ainsi \u00e0 d\u2019autres pays comme le Japon (Osaka et Wakayama), New York, Miami, Seattle, Montr\u00e9al, Portugal, Italie, Royaume-Uni ou la Gr\u00e8ce entre autres.<\/p>\n<p>Gr\u00e2ce \u00e0 ces accords, le club contribue \u00e0 \u00e9largir sa m\u00e9thodologie de travail et \u00e0 projeter l\u2019image de Valence CF dans le monde, s\u2019est-il r\u00e9joui.<\/p>\n<p>Le co- directeur et fondateur de DK Pro Sports, Khalid Chagna, a soulign\u00e9, de son c\u00f4t\u00e9, qu\u2019en cr\u00e9ant ce projet, l\u2019acad\u00e9mie compte offrir aux jeunes la possibilit\u00e9 de se d\u00e9velopper en tant que footballeurs selon la m\u00e9thodologie du Valencia CF, un club caract\u00e9ris\u00e9 par un bon travail dans la cat\u00e9gorie des jeunes.<\/p>\n<p>Les caract\u00e9ristiques du joueur marocain sont tr\u00e8s similaires \u00e0 celles des joueurs espagnols. Cependant, a-t-il poursuivi, les joueurs marocains n\u2019ont pas la m\u00eame possibilit\u00e9 de se d\u00e9velopper comparativement aux joueurs espagnols, c\u2019est ce que nous cherchons \u00e0 r\u00e9soudre \u00e0 travers la cr\u00e9ation de ce projet.<\/p>\n<p>Le projet d\u00e9butera \u00e0 Marrakech mais s\u2019\u00e9tendra \u00e0 d\u2019autres villes, avec l\u2019ambition d\u2019\u00e9tablir \u00e0 long terme l\u2019Acad\u00e9mie Valence comme r\u00e9f\u00e9rence dans le pays, a-t-il insist\u00e9.<\/p>\n<p>A rappeler que des journ\u00e9es portes ouvertes seront organis\u00e9es dimanche prochain au Grand Stade de Marrakech, au profit des enfants d\u00e9sirant int\u00e9grer l\u2019acad\u00e9mie.<\/p>\n<\/div>\n<p>Auteur: Meriem IGASS<br \/>\n<a href=\"http:\/\/www.mapmarrakech.ma\/fr\/valence-cf-creation-de-la-1ere-academie-de-football-en-afrique\/\">Cliquez ici pour lire l&rsquo;article depuis sa source.<\/a><\/p>\n","protected":false},"excerpt":{"rendered":"<p>Marrakech \u2013 Le club espagnol de premi\u00e8re division Valence CF a choisi Marrakech pour la cr\u00e9ation de sa premi\u00e8re acad\u00e9mie de football en Afrique. Lors d\u2019une conf\u00e9rence de presse tenue lundi \u00e0 la cit\u00e9 ocre, et destin\u00e9e \u00e0 mettre en exergue ce projet, des dirigeants du club espagnol ont indiqu\u00e9 que cette acad\u00e9mie ambitionne de [&hellip;]<\/p>\n","protected":false},"author":1788,"featured_media":0,"comment_status":"closed","ping_status":"closed","sticky":false,"template":"","format":"standard","meta":{"fifu_image_url":"","fifu_image_alt":"","footnotes":""},"categories":[54,76],"tags":[],"class_list":["post-76528","post","type-post","status-publish","format-standard","hentry","category-maroc","category-regions"],"_links":{"self":[{"href":"https:\/\/linitiative.ca\/International\/wp-json\/wp\/v2\/posts\/76528","targetHints":{"allow":["GET"]}}],"collection":[{"href":"https:\/\/linitiative.ca\/International\/wp-json\/wp\/v2\/posts"}],"about":[{"href":"https:\/\/linitiative.ca\/International\/wp-json\/wp\/v2\/types\/post"}],"author":[{"embeddable":true,"href":"https:\/\/linitiative.ca\/International\/wp-json\/wp\/v2\/users\/1788"}],"replies":[{"embeddable":true,"href":"https:\/\/linitiative.ca\/International\/wp-json\/wp\/v2\/comments?post=76528"}],"version-history":[{"count":0,"href":"https:\/\/linitiative.ca\/International\/wp-json\/wp\/v2\/posts\/76528\/revisions"}],"wp:attachment":[{"href":"https:\/\/linitiative.ca\/International\/wp-json\/wp\/v2\/media?parent=76528"}],"wp:term":[{"taxonomy":"category","embeddable":true,"href":"https:\/\/linitiative.ca\/International\/wp-json\/wp\/v2\/categories?post=76528"},{"taxonomy":"post_tag","embeddable":true,"href":"https:\/\/linitiative.ca\/International\/wp-json\/wp\/v2\/tags?post=76528"}],"curies":[{"name":"wp","href":"https:\/\/api.w.org\/{rel}","templated":true}]}}