{"id":76532,"date":"2020-02-19T08:13:25","date_gmt":"2020-02-19T13:13:25","guid":{"rendered":"https:\/\/linitiative.ca\/International\/affaire-hamza-mon-bb-un-individu-condamne-a-2-ans-de-prison\/"},"modified":"2020-02-19T08:13:25","modified_gmt":"2020-02-19T13:13:25","slug":"affaire-hamza-mon-bb-un-individu-condamne-a-2-ans-de-prison","status":"publish","type":"post","link":"https:\/\/linitiative.ca\/International\/affaire-hamza-mon-bb-un-individu-condamne-a-2-ans-de-prison\/","title":{"rendered":"Affaire \u00ab\u00a0Hamza mon Bb\u00a0\u00bb: Un individu condamn\u00e9 \u00e0 2 ans de prison"},"content":{"rendered":"<div class=\"single-featured\"><img alt=\"\" data-src=\"http:\/\/www.mapmarrakech.ma\/map\/uploads\/2020\/02\/tribunal-1\u00e8re-instance-copier.jpg\"\/><\/div>\n<div class=\"single-post-excerpt post-excerpt-bc\" readability=\"39\">\n<p>Marrakech \u2013 Le tribunal de premi\u00e8re instance de Marrakech a condamn\u00e9 \u00e0 une heure tardive dans la nuit de mardi, un individu poursuivi en \u00e9tat d\u2019arrestation dans le cadre de l\u2019affaire \u00ab\u00a0Hamza mon Bb\u00a0\u00bb, \u00e0 deux ans de prison ferme, assortis d\u2019une amende de 10.000 DH, indique-t-on de source judiciaire.<\/p>\n<\/div>\n<div class=\"entry-content clearfix single-post-content\" readability=\"51\">\n<p>Le mis en cause, \u00ab\u00a0un hacker\u00a0\u00bb d\u00e9nomm\u00e9 (O.J), originaire de la ville d\u2019Agadir, a \u00e9t\u00e9 \u00e9galement condamn\u00e9 par le m\u00eame tribunal \u00e0 verser des d\u00e9dommagements de 50.000 DH au profit du Centre National des Droits de l\u2019Homme, et de 120.000 DH au profit de la chanteuse marocaine d\u00e9nomm\u00e9e (S.C).<\/p>\n<p>La m\u00eame juridiction a aussi condamn\u00e9 l\u2019accus\u00e9 \u00e0 verser un d\u00e9dommagement de 40.000 DH au profit du d\u00e9nomm\u00e9 (M.E), et un autre de 100.000 DH au profit du d\u00e9nomm\u00e9 (M.M).<\/p>\n<p>Le pr\u00e9venu \u00e9tait poursuivi pour \u00ab\u00a0participation \u00e0 l\u2019acc\u00e8s frauduleux au syst\u00e8me informatique de donn\u00e9es\u00a0\u00bb, \u00ab\u00a0participation d\u00e9lib\u00e9r\u00e9e \u00e0 entraver le fonctionnement de ce syst\u00e8me, sa perturbation et son dysfonctionnement\u00a0\u00bb, \u00ab\u00a0diffusion de faits mensongers dans le seul but de nuire \u00e0 la vie priv\u00e9e des individus et diffamation\u00a0\u00bb et \u00ab\u00a0chantage moyennant des sommes d\u2019argent\u00a0\u00bb.<\/p>\n<\/div>\n<p>Auteur: Meriem IGASS<br \/>\n<a href=\"http:\/\/www.mapmarrakech.ma\/fr\/affaire-hamza-mon-bb-un-individu-condamne-a-deux-ans-de-prison\/\">Cliquez ici pour lire l&rsquo;article depuis sa source.<\/a><\/p>\n","protected":false},"excerpt":{"rendered":"<p>Marrakech \u2013 Le tribunal de premi\u00e8re instance de Marrakech a condamn\u00e9 \u00e0 une heure tardive dans la nuit de mardi, un individu poursuivi en \u00e9tat d\u2019arrestation dans le cadre de l\u2019affaire \u00ab\u00a0Hamza mon Bb\u00a0\u00bb, \u00e0 deux ans de prison ferme, assortis d\u2019une amende de 10.000 DH, indique-t-on de source judiciaire. Le mis en cause, \u00ab\u00a0un [&hellip;]<\/p>\n","protected":false},"author":1788,"featured_media":76533,"comment_status":"closed","ping_status":"closed","sticky":false,"template":"","format":"standard","meta":{"fifu_image_url":"","fifu_image_alt":"","footnotes":""},"categories":[54,76],"tags":[],"class_list":["post-76532","post","type-post","status-publish","format-standard","has-post-thumbnail","hentry","category-maroc","category-regions"],"_links":{"self":[{"href":"https:\/\/linitiative.ca\/International\/wp-json\/wp\/v2\/posts\/76532","targetHints":{"allow":["GET"]}}],"collection":[{"href":"https:\/\/linitiative.ca\/International\/wp-json\/wp\/v2\/posts"}],"about":[{"href":"https:\/\/linitiative.ca\/International\/wp-json\/wp\/v2\/types\/post"}],"author":[{"embeddable":true,"href":"https:\/\/linitiative.ca\/International\/wp-json\/wp\/v2\/users\/1788"}],"replies":[{"embeddable":true,"href":"https:\/\/linitiative.ca\/International\/wp-json\/wp\/v2\/comments?post=76532"}],"version-history":[{"count":0,"href":"https:\/\/linitiative.ca\/International\/wp-json\/wp\/v2\/posts\/76532\/revisions"}],"wp:featuredmedia":[{"embeddable":true,"href":"https:\/\/linitiative.ca\/International\/wp-json\/"}],"wp:attachment":[{"href":"https:\/\/linitiative.ca\/International\/wp-json\/wp\/v2\/media?parent=76532"}],"wp:term":[{"taxonomy":"category","embeddable":true,"href":"https:\/\/linitiative.ca\/International\/wp-json\/wp\/v2\/categories?post=76532"},{"taxonomy":"post_tag","embeddable":true,"href":"https:\/\/linitiative.ca\/International\/wp-json\/wp\/v2\/tags?post=76532"}],"curies":[{"name":"wp","href":"https:\/\/api.w.org\/{rel}","templated":true}]}}