{"id":76544,"date":"2020-02-18T17:56:28","date_gmt":"2020-02-18T22:56:28","guid":{"rendered":"https:\/\/linitiative.ca\/International\/ateliers-sur-legalite-hommes-femmes-au-profit-des-jeunes\/"},"modified":"2020-02-18T17:56:28","modified_gmt":"2020-02-18T22:56:28","slug":"ateliers-sur-legalite-hommes-femmes-au-profit-des-jeunes","status":"publish","type":"post","link":"https:\/\/linitiative.ca\/International\/ateliers-sur-legalite-hommes-femmes-au-profit-des-jeunes\/","title":{"rendered":"Ateliers sur l\u2019\u00e9galit\u00e9 hommes\/femmes au profit des jeunes"},"content":{"rendered":"<p class=\"c5\">Le Collectif Marocain du Volontariat organise, du 18 au 27 f\u00e9vrier \u00e0 Oujda, des ateliers et modules de formation au profit des jeunes volontaires et leurs r\u00e9f\u00e9rents membres des associations d\u2019accueil au sein des communes de Jerada, Berkane et Nador, autour des th\u00e9matiques du genre et de l\u2019\u00e9galit\u00e9 hommes\/femmes.<\/p>\n<p class=\"c5\">Cette initiative, inscrite dans le cadre du projet \u00abJeunesse, Volontariat, \u00c9galit\u00e9\u00bb financ\u00e9 par l\u2019Union Europ\u00e9enne dans le cadre du programme \u00abMoucharaka Mouwatina\u00bb, porte notamment sur un atelier participatif pour la pr\u00e9sentation et la validation du rapport sur l\u2019\u00e9tat des lieux de l\u2019\u00e9galit\u00e9 hommes\/femmes dans les trois communes, indique un communiqu\u00e9 des organisateurs.<\/p>\n<p class=\"c5\">L\u2019atelier permettra aussi la pr\u00e9sentation et la validation des plans d\u2019action ax\u00e9s sur le genre, relatifs aux missions de volontariat.<\/p>\n<p class=\"c5\">De m\u00eame, quatre modules de formation seront organis\u00e9s, dont un module sur le Genre au profit de 7 jeunes volontaires (femmes et hommes) et leurs r\u00e9f\u00e9rents membres des associations d\u2019accueil, et un autre sur le plaidoyer pour l\u2019int\u00e9gration du genre dans les politiques publiques locales (PAC et PDP).<\/p>\n<p class=\"c5\">Il s\u2019agit \u00e9galement d\u2019un module de formation sur les techniques de communication et de sensibilisation en rapport avec la th\u00e9matique de l\u2019\u00e9galit\u00e9 homme\/femme, et d\u2019un dernier module ax\u00e9 sur le processus de gestion des missions de volontariat.<\/p>\n<p class=\"c5\">Le programme d\u2019appui \u00e0 la soci\u00e9t\u00e9 civile au Maroc \u00abMoucharaka Mouwatina\u00bb entend accompagner les r\u00e9formes du cadre l\u00e9gislatif r\u00e9gissant l\u2019action associative et renforcer la contribution effective des organisations de la soci\u00e9t\u00e9 civile marocaine \u00e0 la consolidation de l\u2019Etat de droit, \u00e0 la d\u00e9mocratisation et au d\u00e9veloppement socio-\u00e9conomique du pays.<\/p>\n<p class=\"c5\">Plus particuli\u00e8rement, le programme vise \u00e0 am\u00e9liorer l\u2019environnement institutionnel et l\u00e9gal des organisations de la soci\u00e9t\u00e9 civile marocaine et \u00e0 promouvoir leur l\u2019implication dans la d\u00e9finition, la mise en \u0153uvre, le suivi et l\u2019\u00e9valuation des politiques publiques.<\/p>\n<p class=\"c5\">Le programme Moucharaka Mouwatina appuie les initiatives de la soci\u00e9t\u00e9 civile dans les domaines de la jeunesse, de l\u2019\u00e9galit\u00e9 femmes\/hommes et de l\u2019environnement et se d\u00e9ploie au niveau r\u00e9gional, \u00e0 travers quatre bureaux dans les r\u00e9gions pilotes de Casablanca-Settat, l\u2019Oriental, Souss-Massa et Tanger-T\u00e9touan-Al Hoceima. Le programme dispose, par ailleurs, d\u2019un bureau de coordination nationale \u00e0 Rabat.<\/p>\n<p class=\"c5\">Financ\u00e9 par l\u2019Union europ\u00e9enne \u00e0 hauteur de plus de 13 millions d\u2019euros pour la p\u00e9riode 2018-2020, Moucharaka Mouwatina est men\u00e9 en partenariat avec le minist\u00e8re d\u2019Etat charg\u00e9 des Droits de l\u2019Homme et des Relations avec le Parlement, le Conseil National des Droits de l\u2019Homme, l\u2019Institut National de Formation aux Droits Humains (Institut Driss Ben Zekri) et le Bureau des Nations unies pour les services d\u2019appui aux projets (UNOPS) en tant que partenaire de mise en \u0153uvre et avec la participation de la soci\u00e9t\u00e9 civile au Maroc.<\/p>\n<p>Auteur: Soufiane ELAHMAR<br \/>\n<a href=\"http:\/\/www.mapoujda.ma\/fr\/ateliers-sur-legalite-hommes-femmes-au-profit-des-jeunes\/\">Cliquez ici pour lire l&rsquo;article depuis sa source.<\/a><\/p>\n","protected":false},"excerpt":{"rendered":"<p>Le Collectif Marocain du Volontariat organise, du 18 au 27 f\u00e9vrier \u00e0 Oujda, des ateliers et modules de formation au profit des jeunes volontaires et leurs r\u00e9f\u00e9rents membres des associations d\u2019accueil au sein des communes de Jerada, Berkane et Nador, autour des th\u00e9matiques du genre et de l\u2019\u00e9galit\u00e9 hommes\/femmes. Cette initiative, inscrite dans le cadre [&hellip;]<\/p>\n","protected":false},"author":1788,"featured_media":0,"comment_status":"closed","ping_status":"closed","sticky":false,"template":"","format":"standard","meta":{"fifu_image_url":"","fifu_image_alt":"","footnotes":""},"categories":[54,76],"tags":[],"class_list":["post-76544","post","type-post","status-publish","format-standard","hentry","category-maroc","category-regions"],"_links":{"self":[{"href":"https:\/\/linitiative.ca\/International\/wp-json\/wp\/v2\/posts\/76544","targetHints":{"allow":["GET"]}}],"collection":[{"href":"https:\/\/linitiative.ca\/International\/wp-json\/wp\/v2\/posts"}],"about":[{"href":"https:\/\/linitiative.ca\/International\/wp-json\/wp\/v2\/types\/post"}],"author":[{"embeddable":true,"href":"https:\/\/linitiative.ca\/International\/wp-json\/wp\/v2\/users\/1788"}],"replies":[{"embeddable":true,"href":"https:\/\/linitiative.ca\/International\/wp-json\/wp\/v2\/comments?post=76544"}],"version-history":[{"count":0,"href":"https:\/\/linitiative.ca\/International\/wp-json\/wp\/v2\/posts\/76544\/revisions"}],"wp:attachment":[{"href":"https:\/\/linitiative.ca\/International\/wp-json\/wp\/v2\/media?parent=76544"}],"wp:term":[{"taxonomy":"category","embeddable":true,"href":"https:\/\/linitiative.ca\/International\/wp-json\/wp\/v2\/categories?post=76544"},{"taxonomy":"post_tag","embeddable":true,"href":"https:\/\/linitiative.ca\/International\/wp-json\/wp\/v2\/tags?post=76544"}],"curies":[{"name":"wp","href":"https:\/\/api.w.org\/{rel}","templated":true}]}}