{"id":76545,"date":"2020-02-19T07:07:03","date_gmt":"2020-02-19T12:07:03","guid":{"rendered":"https:\/\/linitiative.ca\/International\/generation-green-2020-2030-une-strategie-globale-et-coherente\/"},"modified":"2020-02-19T07:07:03","modified_gmt":"2020-02-19T12:07:03","slug":"generation-green-2020-2030-une-strategie-globale-et-coherente","status":"publish","type":"post","link":"https:\/\/linitiative.ca\/International\/generation-green-2020-2030-une-strategie-globale-et-coherente\/","title":{"rendered":"\u00ab\u00a0G\u00e9n\u00e9ration Green 2020-2030\u00a0\u00bb, une strat\u00e9gie globale et coh\u00e9rente"},"content":{"rendered":"<p class=\"c5\">La strat\u00e9gie \u00ab\u00a0G\u00e9n\u00e9ration Green 2020-2030\u00a0\u00bb traduit une vision globale et coh\u00e9rente pour booster le d\u00e9veloppement du secteur agricole qui a enregistr\u00e9 au cours de cette derni\u00e8re d\u00e9cennie des avanc\u00e9es consid\u00e9rables, a affirm\u00e9 Mahjoub Lahrach, Directeur r\u00e9gional de l\u2019Agriculture de l\u2019Oriental.<\/p>\n<p class=\"c5\">La nouvelle strat\u00e9gie de d\u00e9veloppement du secteur agricole dont les grandes lignes ont \u00e9t\u00e9 pr\u00e9sent\u00e9es par le ministre de l\u2019Agriculture, de la P\u00eache maritime, du D\u00e9veloppement rural et des Eaux et For\u00eats, Aziz Akhannouch, devant SM le Roi Mohammed VI, \u00e0 Chtouka-Ait Baha, insiste sur la dimension \u00e9conomique et sociale pour cr\u00e9er de la richesse et am\u00e9liorer les conditions de vie en milieu rural, a-t-il indiqu\u00e9 dans une d\u00e9claration \u00e0 la MAP.<\/p>\n<p class=\"c5\">Cette nouvelle feuille de route a \u00e9t\u00e9 con\u00e7ue conform\u00e9ment aux Hautes orientations royales sur la base d\u2019une \u00e9valuation objective des r\u00e9sultats du Plan Maroc Vert (PMV) avec l\u2019ensemble des acteurs du secteur et ce, pour conforter les acquis et poursuivre la dynamique de d\u00e9veloppement agricole via des actions adapt\u00e9es aux besoins actuels et futurs du secteur.<\/p>\n<p class=\"c5\">Il a rappel\u00e9 dans ce sens, qu\u2019au niveau national le PMV a permis de doubler le PIB agricole, qui est pass\u00e9 de 65 milliards de dirhams \u00e0 130 milliards de dirhams, de m\u00eame que les exportations et les investissements priv\u00e9s ont connu une croissance remarquable, en plus des r\u00e9sultats salutaires en mati\u00e8re d\u2019\u00e9conomie des eaux d\u2019irrigation.<\/p>\n<p class=\"c5\">\u00ab\u00a0Le d\u00e9ploiement du Plan Maroc Vert a eu un impact tr\u00e8s positif sur la production agricole et l\u2019am\u00e9lioration du revenu des agriculteurs\u00a0\u00bb, a-t-il affirm\u00e9.<\/p>\n<p class=\"c5\">Au niveau de la r\u00e9gion de l\u2019Oriental, a ajout\u00e9 M. Lahrach, les investissements r\u00e9alis\u00e9s durant cette derni\u00e8re d\u00e9cennie dans le cadre dudit Plan et qui s\u2019\u00e9l\u00e8vent \u00e0 quelque 7,7 MM DH ont permis de g\u00e9n\u00e9rer 10 millions de journ\u00e9es de travail additionnelles, passant ainsi de 30 \u00e0 40 millions de journ\u00e9es, alors que la valeur ajout\u00e9e a cru de 40%.<\/p>\n<p class=\"c5\">Notant \u00e9galement que la superficie couverte par l\u2019irrigation localis\u00e9e est pass\u00e9e de 160.000 \u00e0 558.000 hectares, favorisant ainsi l\u2019\u00e9conomie de l\u2019\u00e9quivalent de 2 milliards de M3 d\u2019eau, en sus de l\u2019augmentation de la production et sa valorisation, il s\u2019est r\u00e9joui du fait que \u00ab\u00a0le PMV a, malgr\u00e9 la faiblesse des pr\u00e9cipitations qui affecte cette r\u00e9gion, r\u00e9ussi l\u2019am\u00e9lioration des diff\u00e9rents indicateurs socio-\u00e9conomiques\u00a0\u00bb.<\/p>\n<p class=\"c5\">Et de poursuivre que \u00ab\u00a0G\u00e9n\u00e9ration Green 2020-2030\u00a0\u00bb, qui intervient en application des Hautes directives royales et qui accorde une place de choix \u00e0 l\u2019\u00e9l\u00e9ment humain, vient consacrer les acquis du PMV tout en oeuvant \u00e0 l\u2019\u00e9mergence d\u2019une nouvelle g\u00e9n\u00e9ration de classe moyenne agricole et \u00e0 l\u2019essor d\u2019une nouvelle g\u00e9n\u00e9ration de jeunes entrepreneurs agricoles, avec pour objectifs de cr\u00e9er de nouveaux emplois en milieu rural et r\u00e9duire le taux de ch\u00f4mage.<\/p>\n<p class=\"c5\">Le directeur r\u00e9gional de l\u2019Agriculture a \u00e9galement mis l\u2019accent sur l\u2019\u00e9mergence, dans le cadre de cette ambitieuse strat\u00e9gie, d\u2019une nouvelle g\u00e9n\u00e9ration d\u2019organisations agricoles devant engendrer un accroissement du nombre des adh\u00e9rents parmi les agriculteurs et une r\u00e9volution au niveau des contrats programmes pour la valorisation de la production agricole et la cr\u00e9ation de richesse dans le monde rural.<\/p>\n<p class=\"c5\">La nouvelle vision accorde aussi une grande importance \u00e0 l\u2019accompagnement des agriculteurs, \u00e0 la p\u00e9rennit\u00e9 des exploitations et des projets, aux investissements dans la valorisation et la transformation, au d\u00e9veloppement des e-services agricoles et la formation, \u00e0 la rationalisation des eaux d\u2019irrigation et la conservation des sols, et \u00e0 la promotion des produits biologiques, en sus de la modernisation des march\u00e9s de gros et des souks traditionnels, a-t-il encore ajout\u00e9.<\/p>\n<p class=\"c5\">Il a soulign\u00e9 \u00e0 cet \u00e9gard les efforts d\u00e9ploy\u00e9s pour faire du produit \u00ab\u00a0origine Maroc\u00a0\u00bb un gage de qualit\u00e9, prot\u00e9ger les consommateurs et am\u00e9liorer l\u2019acc\u00e8s aux march\u00e9s internationaux, notant que le \u00ab\u00a0G\u00e9n\u00e9ration Green\u00a0\u00bb va impacter positivement l\u2019\u00e9conomie nationale et les indicateurs socio-\u00e9conomiques.<\/p>\n<p class=\"c5\">\u00ab\u00a0Nous sommes fiers du d\u00e9veloppement spectaculaire qu\u2019a connu le secteur agricole \u00e0 plusieurs niveaux durant cette derni\u00e8re d\u00e9cennie, notamment en termes de production et de professionnalisme\u00a0\u00bb, a-t-il avanc\u00e9, mettant en avant les actions men\u00e9es pour conforter cette dynamique et booster la valorisation et la commercialisation des produits agricoles.<\/p>\n<p class=\"c5\">Selon lui, les efforts d\u00e9ploy\u00e9s par les diff\u00e9rentes parties concern\u00e9es visent en premier lieu le d\u00e9veloppement humain et social, \u00e0 travers notamment l\u2019am\u00e9lioration du revenu de l\u2019agriculteur, la g\u00e9n\u00e9ralisation de l\u2019assurance agricole, et la mise en place d\u2019un cadre sp\u00e9cial pour l\u2019agriculteur lui permettant de b\u00e9n\u00e9ficier des services de protection sociale.<\/p>\n<p>Auteur: Soufiane ELAHMAR<br \/>\n<a href=\"http:\/\/www.mapoujda.ma\/fr\/generation-green-2020-2030-une-strategie-globale-et-coherente\/\">Cliquez ici pour lire l&rsquo;article depuis sa source.<\/a><\/p>\n","protected":false},"excerpt":{"rendered":"<p>La strat\u00e9gie \u00ab\u00a0G\u00e9n\u00e9ration Green 2020-2030\u00a0\u00bb traduit une vision globale et coh\u00e9rente pour booster le d\u00e9veloppement du secteur agricole qui a enregistr\u00e9 au cours de cette derni\u00e8re d\u00e9cennie des avanc\u00e9es consid\u00e9rables, a affirm\u00e9 Mahjoub Lahrach, Directeur r\u00e9gional de l\u2019Agriculture de l\u2019Oriental. La nouvelle strat\u00e9gie de d\u00e9veloppement du secteur agricole dont les grandes lignes ont \u00e9t\u00e9 pr\u00e9sent\u00e9es [&hellip;]<\/p>\n","protected":false},"author":1788,"featured_media":0,"comment_status":"closed","ping_status":"closed","sticky":false,"template":"","format":"standard","meta":{"fifu_image_url":"","fifu_image_alt":"","footnotes":""},"categories":[54,76],"tags":[],"class_list":["post-76545","post","type-post","status-publish","format-standard","hentry","category-maroc","category-regions"],"_links":{"self":[{"href":"https:\/\/linitiative.ca\/International\/wp-json\/wp\/v2\/posts\/76545","targetHints":{"allow":["GET"]}}],"collection":[{"href":"https:\/\/linitiative.ca\/International\/wp-json\/wp\/v2\/posts"}],"about":[{"href":"https:\/\/linitiative.ca\/International\/wp-json\/wp\/v2\/types\/post"}],"author":[{"embeddable":true,"href":"https:\/\/linitiative.ca\/International\/wp-json\/wp\/v2\/users\/1788"}],"replies":[{"embeddable":true,"href":"https:\/\/linitiative.ca\/International\/wp-json\/wp\/v2\/comments?post=76545"}],"version-history":[{"count":0,"href":"https:\/\/linitiative.ca\/International\/wp-json\/wp\/v2\/posts\/76545\/revisions"}],"wp:attachment":[{"href":"https:\/\/linitiative.ca\/International\/wp-json\/wp\/v2\/media?parent=76545"}],"wp:term":[{"taxonomy":"category","embeddable":true,"href":"https:\/\/linitiative.ca\/International\/wp-json\/wp\/v2\/categories?post=76545"},{"taxonomy":"post_tag","embeddable":true,"href":"https:\/\/linitiative.ca\/International\/wp-json\/wp\/v2\/tags?post=76545"}],"curies":[{"name":"wp","href":"https:\/\/api.w.org\/{rel}","templated":true}]}}