{"id":76550,"date":"2020-02-19T15:14:30","date_gmt":"2020-02-19T20:14:30","guid":{"rendered":"https:\/\/linitiative.ca\/International\/international-psg-cavani-pret-a-jouer-un-mauvais-tour-a-simeone\/"},"modified":"2020-02-19T15:14:30","modified_gmt":"2020-02-19T20:14:30","slug":"international-psg-cavani-pret-a-jouer-un-mauvais-tour-a-simeone","status":"publish","type":"post","link":"https:\/\/linitiative.ca\/International\/international-psg-cavani-pret-a-jouer-un-mauvais-tour-a-simeone\/","title":{"rendered":"International : PSG : Cavani pr\u00eat \u00e0 jouer un mauvais tour \u00e0 Simeone ?"},"content":{"rendered":"<div readability=\"32\">\n<p>Auteur : <span class=\"time\">mercredi 19 f\u00e9vrier 2020 16:00<\/span><\/p>\n<\/div>\n<div id=\"post_core\" readability=\"48\">\n<p>En effet, alors que l\u2019Atl\u00e9tico de Madrid \u00e9tait tr\u00e8s chaud pour recruter le Matador, ce dernier est finalement rest\u00e9 au PSG. L\u2019Uruguayen ira donc au bout de son contrat avec le club de la capitale et se retrouvera libre \u00e0 la fin de la saison. Une situation qui pourrait enfin permettre \u00e0 l\u2019Atl\u00e9tico de Madrid d\u2019amener\u00a0Cavani au sein de l\u2019effectif de Diego Simeone. Mais la t\u00e2che des Colchoneros pourrait se compliquer \u00e0 cause de la concurrence.<\/p>\n<p>Quel sera le prochain club d\u2019Edinson Cavani\u00a0? Alors que cette question risque d\u2019animer les prochains mois, l\u2019Atl\u00e9tico de Madrid pourrait bien voir l\u2019attaquant du PSG lui filer sous le nez. Selon Le 10 Sport, l\u2019Uruguayen appr\u00e9cierait particuli\u00e8rement l\u2019int\u00e9r\u00eat port\u00e9 par l\u2019Inter Miami, franchise de David Beckham. Libre \u00e0 la fin de la saison, Cavani pourrait donc d\u00e9cider de prendre la direction des Etats-Unis.<\/p>\n<p><strong>Publi\u00e9 dans :<\/strong> <span>PSG<\/span> <span>simeone<\/span> <span>Edinson Cavani<\/span><\/p>\n<\/div>\n<p>Auteur:<br \/>\n<a href=\"http:\/\/www.lebuteur.com\/article\/detail?titre=psg-cavani-pret-a-jouer-un-mauvais-tour-a-simeone&#038;id=94899&#038;utm_source=feedburner&#038;utm_medium=feed&#038;utm_campaign=Feed%3A+GalerieFArtciles+%28Les+derniers+articles++-+lebuteur.com%29\">Cliquez ici pour lire l&rsquo;article depuis sa source.<\/a><\/p>\n","protected":false},"excerpt":{"rendered":"<p>Auteur : mercredi 19 f\u00e9vrier 2020 16:00 En effet, alors que l\u2019Atl\u00e9tico de Madrid \u00e9tait tr\u00e8s chaud pour recruter le Matador, ce dernier est finalement rest\u00e9 au PSG. L\u2019Uruguayen ira donc au bout de son contrat avec le club de la capitale et se retrouvera libre \u00e0 la fin de la saison. Une situation qui [&hellip;]<\/p>\n","protected":false},"author":1738,"featured_media":76551,"comment_status":"closed","ping_status":"closed","sticky":false,"template":"","format":"standard","meta":{"fifu_image_url":"","fifu_image_alt":"","footnotes":""},"categories":[53,75],"tags":[],"class_list":["post-76550","post","type-post","status-publish","format-standard","has-post-thumbnail","hentry","category-algerie","category-sport"],"_links":{"self":[{"href":"https:\/\/linitiative.ca\/International\/wp-json\/wp\/v2\/posts\/76550","targetHints":{"allow":["GET"]}}],"collection":[{"href":"https:\/\/linitiative.ca\/International\/wp-json\/wp\/v2\/posts"}],"about":[{"href":"https:\/\/linitiative.ca\/International\/wp-json\/wp\/v2\/types\/post"}],"author":[{"embeddable":true,"href":"https:\/\/linitiative.ca\/International\/wp-json\/wp\/v2\/users\/1738"}],"replies":[{"embeddable":true,"href":"https:\/\/linitiative.ca\/International\/wp-json\/wp\/v2\/comments?post=76550"}],"version-history":[{"count":0,"href":"https:\/\/linitiative.ca\/International\/wp-json\/wp\/v2\/posts\/76550\/revisions"}],"wp:featuredmedia":[{"embeddable":true,"href":"https:\/\/linitiative.ca\/International\/wp-json\/"}],"wp:attachment":[{"href":"https:\/\/linitiative.ca\/International\/wp-json\/wp\/v2\/media?parent=76550"}],"wp:term":[{"taxonomy":"category","embeddable":true,"href":"https:\/\/linitiative.ca\/International\/wp-json\/wp\/v2\/categories?post=76550"},{"taxonomy":"post_tag","embeddable":true,"href":"https:\/\/linitiative.ca\/International\/wp-json\/wp\/v2\/tags?post=76550"}],"curies":[{"name":"wp","href":"https:\/\/api.w.org\/{rel}","templated":true}]}}