{"id":76554,"date":"2020-02-19T15:14:34","date_gmt":"2020-02-19T20:14:34","guid":{"rendered":"https:\/\/linitiative.ca\/International\/international-montpellier-delort-retourne-le-couteau-dans-la-plaie-du-psg\/"},"modified":"2020-02-19T15:14:34","modified_gmt":"2020-02-19T20:14:34","slug":"international-montpellier-delort-retourne-le-couteau-dans-la-plaie-du-psg","status":"publish","type":"post","link":"https:\/\/linitiative.ca\/International\/international-montpellier-delort-retourne-le-couteau-dans-la-plaie-du-psg\/","title":{"rendered":"International : Montpellier : Delort retourne le couteau dans la plaie du PSG"},"content":{"rendered":"<div readability=\"32\">\n<p>Auteur : <span class=\"time\">mercredi 19 f\u00e9vrier 2020 20:52<\/span><\/p>\n<\/div>\n<div id=\"post_core\" readability=\"52\">\n<p>Alors que le compte Twitter de la Ligue 1 a mis en avant ce record, Andy Delort en a profit\u00e9 pour\u2026 f\u00e9liciter Erling Haaland, au lendemain du doubl\u00e9 du buteur norv\u00e9gien de Dortmund contre le PSG (2-1), en 8e de finale aller de la Ligue des champions. \u00ab\u00a0Sans oublier Haaland, chronom\u00e9tr\u00e9 \u00e0 6,64 secondes sur une course de 60 m\u00e8tres, hier soir\u00a0\u00bb, a-t-il ainsi tweet\u00e9, avec un smiley amus\u00e9, comme rapport\u00e9 par Football.<\/p>\n<p>Une mani\u00e8re \u00e9videmment pour le num\u00e9ro 9 du MHSC de narguer les Parisiens d\u2019un Neymar avec qui il s\u2019est frictionn\u00e9 ces derniers mois. Natif de S\u00e8te, dans l\u2019H\u00e9rault, Andy Delort est un grand supporter de l\u2019OM depuis sa tendre enfance, son p\u00e8re ayant \u00e9t\u00e9 abonn\u00e9 au Stade V\u00e9lodrome. Des supporters parisiens n\u2019ont d\u2019ailleurs pas trop appr\u00e9ci\u00e9 le tweet de l\u2019attaquant !<\/p>\n<p><img decoding=\"async\" alt=\"\" src=\"https:\/\/pbs.twimg.com\/media\/ERIoqnoXkAI7U_C?format=jpg&#038;name=small\" class=\"c1\"\/><\/p>\n<p><strong>Publi\u00e9 dans :<\/strong> <span>Delort<\/span><\/p>\n<\/div>\n<p>Auteur:<br \/>\n<a href=\"http:\/\/www.lebuteur.com\/article\/detail?titre=montpellier-delort-retourne-le-couteau-dans-la-plaie-du-psg&#038;id=94901&#038;utm_source=feedburner&#038;utm_medium=feed&#038;utm_campaign=Feed%3A+GalerieFArtciles+%28Les+derniers+articles++-+lebuteur.com%29\">Cliquez ici pour lire l&rsquo;article depuis sa source.<\/a><\/p>\n","protected":false},"excerpt":{"rendered":"<p>Auteur : mercredi 19 f\u00e9vrier 2020 20:52 Alors que le compte Twitter de la Ligue 1 a mis en avant ce record, Andy Delort en a profit\u00e9 pour\u2026 f\u00e9liciter Erling Haaland, au lendemain du doubl\u00e9 du buteur norv\u00e9gien de Dortmund contre le PSG (2-1), en 8e de finale aller de la Ligue des champions. \u00ab\u00a0Sans [&hellip;]<\/p>\n","protected":false},"author":1738,"featured_media":0,"comment_status":"closed","ping_status":"closed","sticky":false,"template":"","format":"standard","meta":{"fifu_image_url":"","fifu_image_alt":"","footnotes":""},"categories":[53,75],"tags":[],"class_list":["post-76554","post","type-post","status-publish","format-standard","hentry","category-algerie","category-sport"],"_links":{"self":[{"href":"https:\/\/linitiative.ca\/International\/wp-json\/wp\/v2\/posts\/76554","targetHints":{"allow":["GET"]}}],"collection":[{"href":"https:\/\/linitiative.ca\/International\/wp-json\/wp\/v2\/posts"}],"about":[{"href":"https:\/\/linitiative.ca\/International\/wp-json\/wp\/v2\/types\/post"}],"author":[{"embeddable":true,"href":"https:\/\/linitiative.ca\/International\/wp-json\/wp\/v2\/users\/1738"}],"replies":[{"embeddable":true,"href":"https:\/\/linitiative.ca\/International\/wp-json\/wp\/v2\/comments?post=76554"}],"version-history":[{"count":0,"href":"https:\/\/linitiative.ca\/International\/wp-json\/wp\/v2\/posts\/76554\/revisions"}],"wp:attachment":[{"href":"https:\/\/linitiative.ca\/International\/wp-json\/wp\/v2\/media?parent=76554"}],"wp:term":[{"taxonomy":"category","embeddable":true,"href":"https:\/\/linitiative.ca\/International\/wp-json\/wp\/v2\/categories?post=76554"},{"taxonomy":"post_tag","embeddable":true,"href":"https:\/\/linitiative.ca\/International\/wp-json\/wp\/v2\/tags?post=76554"}],"curies":[{"name":"wp","href":"https:\/\/api.w.org\/{rel}","templated":true}]}}