{"id":76556,"date":"2020-02-19T09:30:00","date_gmt":"2020-02-19T14:30:00","guid":{"rendered":"https:\/\/linitiative.ca\/International\/une-annee-de-hirak-un-parcours-militant-singulier-pour-sauver-letat-national\/"},"modified":"2020-02-19T09:30:00","modified_gmt":"2020-02-19T14:30:00","slug":"une-annee-de-hirak-un-parcours-militant-singulier-pour-sauver-letat-national","status":"publish","type":"post","link":"https:\/\/linitiative.ca\/International\/une-annee-de-hirak-un-parcours-militant-singulier-pour-sauver-letat-national\/","title":{"rendered":"Une ann\u00e9e de Hirak : Un parcours militant singulier pour sauver l&rsquo;Etat  national"},"content":{"rendered":"<p>Par sa long\u00e9vit\u00e9 et l&rsquo;attachement \u00e0 son caract\u00e8re pacifique, ce mouvement, in\u00e9dit depuis l&rsquo;ind\u00e9pendance de l&rsquo;Alg\u00e9rie, s&rsquo;\u00e9rige, \u00e0 l&rsquo;instar de la Guerre de lib\u00e9ration nationale, en mod\u00e8le de r\u00e9f\u00e9rence dans le monde. Il aspire \u00e0 donner un nouveau statut \u00e0 la notion de citoyennet\u00e9, impliqu\u00e9 dans la gestion des affaires publiques et d\u00e9termin\u00e9 \u00e0 prendre son destin en main.\u00a0\u00a0<\/p>\n<p>Le 22 f\u00e9vrier 2019, des dizaines de milliers de citoyens, toutes tranches d&rsquo;\u00e2ge et cat\u00e9gories professionnelles confondues, manifestent dans toutes les villes du pays pour s&rsquo;opposer au projet de 5\u00e8me mandat du pr\u00e9sident Abdelaziz Bouteflika, d\u00e9noncer la corruption mena\u00e7ant les fondements de l&rsquo;Etat et r\u00e9clamer un changement radical de la gouvernance.<\/p>\n<p>Sous la pression du Hirak, l&rsquo;\u00e9lection pr\u00e9sidentielle qui devait se tenir le 18 avril, est report\u00e9e. Apr\u00e8s la d\u00e9mission de Bouteflika le 2 avril, une deuxi\u00e8me date, le 4 juillet, est fix\u00e9e, mais le scrutin n&rsquo;a pas lieu, faute de candidats. Aucun dossier de candidature n&rsquo;ayant \u00e9t\u00e9 valid\u00e9 par le Conseil constitutionnel.<\/p>\n<p>Suite \u00e0 ces deux reports, le chef de l&rsquo;Etat par int\u00e9rim, Abdelkader Bensalah, convoque le corps \u00e9lectoral pour l&rsquo;\u00e9lection pr\u00e9sidentielle devant se tenir le 12 d\u00e9cembre. Le Parlement adopte deux projets de loi pour encadrer cette consultation: le premier relatif \u00e0 la cr\u00e9ation d&rsquo;une Autorit\u00e9 ind\u00e9pendante permanente charg\u00e9e des \u00e9lections et le second amendant la loi organique relative au r\u00e9gime \u00e9lectoral.<\/p>\n<p>Le commandement de l&rsquo;Arm\u00e9e nationale populaire (ANP) assure qu&rsquo;il accompagnera l&rsquo;\u00e9lan populaire pacifique et veillera \u00e0 r\u00e9unir les conditions de la pr\u00e9sidentielle, affirmant que cette \u00e9lection constitue l&rsquo;option \u00ab\u00a0la plus s\u00fbre et la moins co\u00fbteuse\u00a0\u00bb pour le pays.<\/p>\n<p>Il s&rsquo;engage pour qu&rsquo;aucune goutte de sang du peuple ne soit vers\u00e9e et affiche sa d\u00e9termination \u00e0 faire barrage \u00e0 \u00ab\u00a0tous ceux qui tenteraient d&rsquo;\u00e9branler la stabilit\u00e9 du pays et attenter \u00e0 l&rsquo;unit\u00e9 du peuple\u00a0\u00bb, affirmant dans le m\u00eame temps \u00eatre \u00ab\u00a0aux c\u00f4t\u00e9s du peuple afin d&rsquo;atteindre ses objectifs visant \u00e0 op\u00e9rer le changement escompt\u00e9\u00a0\u00bb.<\/p>\n<p>Le commandement de l&rsquo;ANP apporte \u00e9galement son soutien \u00e0 la justice dans la lutte contre la corruption. De hauts responsables politiques, dont deux anciens Premiers ministres &#8211;une premi\u00e8re depuis l&rsquo;ind\u00e9pendance du pays&#8211; et des hommes d&rsquo;affaires sont jug\u00e9s et condamn\u00e9s, notamment pour des faits d&rsquo;abus de fonctions, indus privil\u00e8ges, corruption et blanchiment d&rsquo;argent.\u00a0<\/p>\n<p><strong>\u00a0\u00a0\u00a0\u00a0\u00a0\u00a0\u00a0\u00a0\u00a0\u00a0\u00a0 \u00a0\u00a0\u00a0\u00a0\u00a0\u00a0\u00a0\u00a0\u00a0\u00a0\u00a0\u00a0\u00a0\u00a0\u00a0\u00a0\u00a0\u00a0\u00a0\u00a0\u00a0\u00a0\u00a0\u00a0\u00a0\u00a0 Main tendue au Hirak<\/strong><\/p>\n<p>Elu le 12 d\u00e9cembre \u00e0 la pr\u00e9sidence de la R\u00e9publique par 58,13% des suffrages exprim\u00e9s, M. Abdelmadjid Tebboune proclame, lors de sa premi\u00e8re prise de parole, \u00ab\u00a0tendre la main\u00a0\u00bb au Hirak, rappelant l&rsquo;avoir \u00e0 maintes reprises qualifi\u00e9 de \u00ab\u00a0b\u00e9ni\u00a0\u00bb.<\/p>\n<p>Le nouveau chef de l&rsquo;Etat appelle, dans ce sens, \u00e0 un \u00ab\u00a0dialogue s\u00e9rieux au service de l&rsquo;Alg\u00e9rie\u00a0\u00bb pour construire la \u00ab\u00a0Nouvelle R\u00e9publique\u00a0\u00bb, tout en s&rsquo;engageant \u00e0 op\u00e9rer des r\u00e9formes en profondeur dont notamment l&rsquo;\u00e9laboration d&rsquo;une nouvelle Constitution devant \u00eatre valid\u00e9e par un r\u00e9f\u00e9rendum populaire.<\/p>\n<p>Dans son programme \u00e9lectoral, intitul\u00e9 \u00ab\u00a054 engagements pour une Nouvelle R\u00e9publique\u00a0\u00bb, M. Tebboune pr\u00e9voit de proc\u00e9der \u00e0 une r\u00e9vision de la Constitution, dont les principaux contours porteront sur la limitation du renouvellement du mandat pr\u00e9sidentiel \u00e0 une seule fois, la r\u00e9duction des pr\u00e9rogatives du Pr\u00e9sident pour pr\u00e9venir les d\u00e9rives autocratiques, la s\u00e9paration et l&rsquo;\u00e9quilibre des pouvoirs et la cons\u00e9cration de la protection des droits de l&rsquo;Homme, des libert\u00e9s individuels, collectives, de la presse et de manifestation.<\/p>\n<p>Au cours de sa participation au sommet de l&rsquo;Union africaine, tenu le 9 f\u00e9vrier \u00e0 Addis-Abeba, le pr\u00e9sident Tebboune avait tenu \u00e0 rendre hommage au Hirak, en soulignant qu&rsquo;il constitue une \u00ab\u00a0\u00e9nergie salvatrice\u00a0\u00bb pour l&rsquo;Alg\u00e9rie, \u00ab\u00a0r\u00e9solument d\u00e9cid\u00e9e \u00e0 changer son syst\u00e8me de gouvernance et \u00e0 construire un Etat garantissant la justice sociale et la supr\u00e9matie de la loi\u00a0\u00bb.<\/p>\n<p>\u00a0\u00a0\u00a0\u00a0\u00a0\u00a0\u00a0\u00a0\u00a0\u00a0\u00a0 <strong>\u00a0\u00a0\u00a0\u00a0\u00a0\u00a0\u00a0\u00a0\u00a0\u00a0\u00a0\u00a0\u00a0\u00a0\u00a0\u00a0\u00a0\u00a0\u00a0 \u00a0Un nouveau pacte pour une nouvelle Alg\u00e9rie<\/strong><\/p>\n<p>Lors de la pr\u00e9sentation du plan d&rsquo;action du gouvernement \u00e0 l&rsquo;Assembl\u00e9e populaire nationale, le Premier ministre, Abdelaziz Djerad, a bross\u00e9 un tableau sans complaisance du mode de gouvernance ayant pr\u00e9valu ces derni\u00e8res ann\u00e9es, d\u00e9non\u00e7ant \u00ab\u00a0une gestion catastrophique de l&rsquo;Etat ainsi que des pratiques autoritaires ayant men\u00e9 au pillage et \u00e0 la dilapidation des richesses du pays et \u00e0 la destruction syst\u00e9matique de ses institutions et de son \u00e9conomie dans le but d&rsquo;accaparer ses biens\u00a0\u00bb.<\/p>\n<p>Partant de ce constat, le Premier ministre a plaid\u00e9 pour \u00ab\u00a0un nouveau pacte pour une nouvelle Alg\u00e9rie\u00a0\u00bb qui englobera l&rsquo;ensemble des aspects de la gouvernance politique, \u00e9conomique et sociale, avec l&rsquo;objectif de \u00ab\u00a0recouvrer la confiance (du) peuple en ses gouvernants et en ses institutions\u00a0\u00bb. Il a \u00e9galement appel\u00e9 \u00e0 une d\u00e9mocratie bas\u00e9e sur une s\u00e9rie de principes, dont l&rsquo;alternance au pouvoir.\u00a0 Le ministre de la Communication, porte-parole du gouvernement, Amar Belhimer, a, de son c\u00f4t\u00e9, exprim\u00e9 mardi son soutien \u00e0 l&rsquo;appel du Hirak \u00e0 consacrer le 22 f\u00e9vrier comme journ\u00e9e nationale.<\/p>\n<p>Depuis le 22 f\u00e9vrier 2019, le Hirak se poursuit avec le m\u00eame esprit pacifique et civique pour r\u00e9clamer un changement de la gouvernance en rupture avec les pratiques du pass\u00e9. Il consid\u00e8re que nombre de ses revendications restent encore \u00e0 satisfaire. Des observateurs voient dans le maintien de la mobilisation populaire un gage que le processus de changement ne d\u00e9viera pas de son objectif.(APS)<\/p>\n<p>Auteur: elmoudjahid<br \/>\n<a href=\"http:\/\/www.elmoudjahid.com\/fr\/actualites\/148575\">Cliquez ici pour lire l&rsquo;article depuis sa source.<\/a><\/p>\n","protected":false},"excerpt":{"rendered":"<p>Par sa long\u00e9vit\u00e9 et l&rsquo;attachement \u00e0 son caract\u00e8re pacifique, ce mouvement, in\u00e9dit depuis l&rsquo;ind\u00e9pendance de l&rsquo;Alg\u00e9rie, s&rsquo;\u00e9rige, \u00e0 l&rsquo;instar de la Guerre de lib\u00e9ration nationale, en mod\u00e8le de r\u00e9f\u00e9rence dans le monde. Il aspire \u00e0 donner un nouveau statut \u00e0 la notion de citoyennet\u00e9, impliqu\u00e9 dans la gestion des affaires publiques et d\u00e9termin\u00e9 \u00e0 prendre [&hellip;]<\/p>\n","protected":false},"author":1744,"featured_media":0,"comment_status":"closed","ping_status":"closed","sticky":false,"template":"","format":"standard","meta":{"fifu_image_url":"","fifu_image_alt":"","footnotes":""},"categories":[73,53],"tags":[],"class_list":["post-76556","post","type-post","status-publish","format-standard","hentry","category-actualite","category-algerie"],"_links":{"self":[{"href":"https:\/\/linitiative.ca\/International\/wp-json\/wp\/v2\/posts\/76556","targetHints":{"allow":["GET"]}}],"collection":[{"href":"https:\/\/linitiative.ca\/International\/wp-json\/wp\/v2\/posts"}],"about":[{"href":"https:\/\/linitiative.ca\/International\/wp-json\/wp\/v2\/types\/post"}],"author":[{"embeddable":true,"href":"https:\/\/linitiative.ca\/International\/wp-json\/wp\/v2\/users\/1744"}],"replies":[{"embeddable":true,"href":"https:\/\/linitiative.ca\/International\/wp-json\/wp\/v2\/comments?post=76556"}],"version-history":[{"count":0,"href":"https:\/\/linitiative.ca\/International\/wp-json\/wp\/v2\/posts\/76556\/revisions"}],"wp:attachment":[{"href":"https:\/\/linitiative.ca\/International\/wp-json\/wp\/v2\/media?parent=76556"}],"wp:term":[{"taxonomy":"category","embeddable":true,"href":"https:\/\/linitiative.ca\/International\/wp-json\/wp\/v2\/categories?post=76556"},{"taxonomy":"post_tag","embeddable":true,"href":"https:\/\/linitiative.ca\/International\/wp-json\/wp\/v2\/tags?post=76556"}],"curies":[{"name":"wp","href":"https:\/\/api.w.org\/{rel}","templated":true}]}}