{"id":76557,"date":"2020-02-19T06:52:49","date_gmt":"2020-02-19T11:52:49","guid":{"rendered":"https:\/\/linitiative.ca\/International\/101870-jm-oran-2021-les-preparatifs-de-la-19e-edition-passes-au-peigne-fin-a-partir-de-jeudi\/"},"modified":"2020-02-19T06:52:49","modified_gmt":"2020-02-19T11:52:49","slug":"101870-jm-oran-2021-les-preparatifs-de-la-19e-edition-passes-au-peigne-fin-a-partir-de-jeudi","status":"publish","type":"post","link":"https:\/\/linitiative.ca\/International\/101870-jm-oran-2021-les-preparatifs-de-la-19e-edition-passes-au-peigne-fin-a-partir-de-jeudi\/","title":{"rendered":"JM Oran-2021 : les pr\u00e9paratifs de la 19e \u00e9dition pass\u00e9s au peigne fin \u00e0 partir de jeudi"},"content":{"rendered":"<div>\n<div class=\"K2FeedIntroText\">\n<p><strong>ORAN- L\u2019\u00e9tat d&rsquo;avancement des travaux des diff\u00e9rentes commissions charg\u00e9es de la pr\u00e9paration de la 19e \u00e9dition des Jeux m\u00e9diterran\u00e9ens (JM) pr\u00e9vue \u00e0 Oran en 2021 sera \u00e0 l\u2019ordre du jour au cours de la visite dans cette ville, de la commission de coordination du comit\u00e9 international des JM, \u00e0 partir de jeudi.<\/strong><\/p>\n<\/div>\n<div class=\"K2FeedFullText\">\n<p>\u00ab\u00a0Il s\u2019agit d\u2019une visite ordinaire au cours de laquelle la commission de coordination aura l\u2019occasion de passer en revue le travail r\u00e9alis\u00e9 jusque-l\u00e0, par les diff\u00e9rentes commissions charg\u00e9es de la pr\u00e9paration des JM et donner aussi les orientations qui s\u2019imposent dans le processus pr\u00e9paratif du rendez-vous m\u00e9diterran\u00e9en\u00a0\u00bb, a d\u00e9clar\u00e9 \u00e0 l\u2019APS, Rafik Cherak, charg\u00e9 de la communication aupr\u00e8s du comit\u00e9 d\u2019organisation local.<\/p>\n<blockquote>\n<p><em><strong>Ce sera la premi\u00e8re mission de cette commission conduite par le Fran\u00e7ais Bernard Amslam au titre de l\u2019ann\u00e9e 2020, apr\u00e8s avoir effectu\u00e9 plusieurs visites dans la capitale de l\u2019Ouest du pays au cours de l\u2019ann\u00e9e pr\u00e9c\u00e9dente, et ce, afin de suivre de plus pr\u00e8s les pr\u00e9paratifs des JM programm\u00e9s du 26 juin au 5 juillet 2021.<\/strong><\/em><\/p>\n<\/blockquote>\n<p>Le comit\u00e9 ex\u00e9cutif du Conseil international des JM, sous la pr\u00e9sidence de l\u2019Alg\u00e9rien Amar Addadi, a \u00e9galement tenu, d\u00e9but d\u00e9cembre dernier, sa premi\u00e8re r\u00e9union \u00e0 Oran, consacr\u00e9e \u00e0 l\u2019\u00e9valuation des pr\u00e9paratifs de l\u2019\u00e9v\u00e8nement m\u00e9diterran\u00e9en que l\u2019Alg\u00e9rie accueille pour la deuxi\u00e8me fois de son histoire apr\u00e8s avoir organis\u00e9 \u00e0 Alger la 7e \u00e9dition en 1975.<\/p>\n<blockquote>\n<p><em><strong>Le comit\u00e9 d\u2019organisation local, pass\u00e9 depuis quelque temps \u00e0 la vitesse sup\u00e9rieure en mati\u00e8re de promotion de l\u2019\u00e9v\u00e8nement, a profit\u00e9 du d\u00e9roulement, le week-end dernier \u00e0 Alger, d&rsquo;une \u00e9tape de la Coupe du monde de sabre f\u00e9minin juniors, pour mettre en valeur la prochaine \u00e9dition des JM.<\/strong><\/em><\/p>\n<\/blockquote>\n<p>\u00ab\u00a0Comme il y avait pas moins de 9 pays ayant pris part \u00e0 ce tournoi, le directeur g\u00e9n\u00e9ral des JM, Salim Iles, en a profit\u00e9 pour sensibiliser les repr\u00e9sentants des pays concern\u00e9s par le rendez-vous d\u2019Oran au sujet de l\u2019importance qu&rsquo;accorde l\u2019Alg\u00e9rie \u00e0 r\u00e9habiliter ces Jeux\u00a0\u00bb, pr\u00e9cise-t-on de m\u00eame source, informant au passage que la commission de coordination animera une conf\u00e9rence de presse samedi, pour faire le point sur les pr\u00e9paratifs des JM-2021, avant pr\u00e8s d\u2019une ann\u00e9e et demie de son d\u00e9roulement.<\/p>\n<\/div>\n<p><img loading=\"lazy\" decoding=\"async\" src=\"http:\/\/feeds.feedburner.com\/~r\/aps-sport\/~4\/uX9IAOmrbNE\" height=\"1\" width=\"1\" alt=\"\"><\/div>\n<p>Auteur:<br \/>\n<a href=\"http:\/\/www.aps.dz\/sport\/101870-jm-oran-2021-les-preparatifs-de-la-19e-edition-passes-au-peigne-fin-a-partir-de-jeudi?utm_source=feedburner&#038;utm_medium=feed&#038;utm_campaign=Feed%3A+aps-sport+%28APS+-+SPORT%29\">Cliquez ici pour lire l&rsquo;article depuis sa source.<\/a><\/p>\n","protected":false},"excerpt":{"rendered":"<p>ORAN- L\u2019\u00e9tat d&rsquo;avancement des travaux des diff\u00e9rentes commissions charg\u00e9es de la pr\u00e9paration de la 19e \u00e9dition des Jeux m\u00e9diterran\u00e9ens (JM) pr\u00e9vue \u00e0 Oran en 2021 sera \u00e0 l\u2019ordre du jour au cours de la visite dans cette ville, de la commission de coordination du comit\u00e9 international des JM, \u00e0 partir de jeudi. \u00ab\u00a0Il s\u2019agit d\u2019une [&hellip;]<\/p>\n","protected":false},"author":1790,"featured_media":0,"comment_status":"closed","ping_status":"closed","sticky":false,"template":"","format":"standard","meta":{"fifu_image_url":"","fifu_image_alt":"","footnotes":""},"categories":[53,75],"tags":[],"class_list":["post-76557","post","type-post","status-publish","format-standard","hentry","category-algerie","category-sport"],"_links":{"self":[{"href":"https:\/\/linitiative.ca\/International\/wp-json\/wp\/v2\/posts\/76557","targetHints":{"allow":["GET"]}}],"collection":[{"href":"https:\/\/linitiative.ca\/International\/wp-json\/wp\/v2\/posts"}],"about":[{"href":"https:\/\/linitiative.ca\/International\/wp-json\/wp\/v2\/types\/post"}],"author":[{"embeddable":true,"href":"https:\/\/linitiative.ca\/International\/wp-json\/wp\/v2\/users\/1790"}],"replies":[{"embeddable":true,"href":"https:\/\/linitiative.ca\/International\/wp-json\/wp\/v2\/comments?post=76557"}],"version-history":[{"count":0,"href":"https:\/\/linitiative.ca\/International\/wp-json\/wp\/v2\/posts\/76557\/revisions"}],"wp:attachment":[{"href":"https:\/\/linitiative.ca\/International\/wp-json\/wp\/v2\/media?parent=76557"}],"wp:term":[{"taxonomy":"category","embeddable":true,"href":"https:\/\/linitiative.ca\/International\/wp-json\/wp\/v2\/categories?post=76557"},{"taxonomy":"post_tag","embeddable":true,"href":"https:\/\/linitiative.ca\/International\/wp-json\/wp\/v2\/tags?post=76557"}],"curies":[{"name":"wp","href":"https:\/\/api.w.org\/{rel}","templated":true}]}}