{"id":76562,"date":"2020-02-19T13:13:12","date_gmt":"2020-02-19T18:13:12","guid":{"rendered":"https:\/\/linitiative.ca\/International\/101899-ligue-2-les-clubs-decident-de-boycotter-la-20e-journee\/"},"modified":"2020-02-19T13:13:12","modified_gmt":"2020-02-19T18:13:12","slug":"101899-ligue-2-les-clubs-decident-de-boycotter-la-20e-journee","status":"publish","type":"post","link":"https:\/\/linitiative.ca\/International\/101899-ligue-2-les-clubs-decident-de-boycotter-la-20e-journee\/","title":{"rendered":"Ligue 2: les clubs d\u00e9cident de boycotter la 20e journ\u00e9e"},"content":{"rendered":"<div>\n<div class=\"K2FeedImage\"><img decoding=\"async\" src=\"http:\/\/www.aps.dz\/media\/k2\/items\/cache\/1fb9a006f386dbfa0b10bb92a26eb7e1_S.jpg\" alt=\"Ligue 2: les clubs d\u00e9cident de boycotter la 20e journ\u00e9e\"><\/div>\n<div class=\"K2FeedIntroText\">\n<p><strong>ALGER &#8211; Les clubs de la Ligue 2 professionnelle de football ont d\u00e9cid\u00e9 mercredi de boycotter la 20e journ\u00e9e du championnat, pr\u00e9vue samedi prochain, en raison de la crise financi\u00e8re que traversent la majorit\u00e9 des pensionnaires de cette division, a appris l&rsquo;APS de certains clubs contestataires.<\/strong><\/p>\n<\/div>\n<div class=\"K2FeedFullText\">\n<p>En pr\u00e9sence \u00e9galement de quelques responsables de clubs de Ligue 1, une r\u00e9union s&rsquo;est tenue \u00e0 Alger, au cours de laquelle il a \u00e9t\u00e9 d\u00e9cid\u00e9 de boycotter la prochaine journ\u00e9e, comme premi\u00e8re \u00e9tape afin de sensibiliser les pouvoirs publics sur la \u00ab\u00a0gravit\u00e9 de la situation\u00a0\u00bb.<\/p>\n<p>Cette r\u00e9union, qui a vu la pr\u00e9sence, entre autres, des pr\u00e9sidents de l&rsquo;USM El-Harrach Mohamed La\u00efb et du DRB Tadjenanet Tahar Guera\u00efche, a pris fin avec la d\u00e9cision de remettre les licences des joueurs \u00e0 Mourad Lahlou (NA Husse\u00efn-Dey\/Ligue 1).<\/p>\n<hr>\n<h3>Lire aussi:\u00a0<a href=\"http:\/\/www.aps.dz\/sport\/101834-ligue-2-19e-j-le-rc-arbaa-sur-le-podium-l-asm-oran-etrillee-a-boussaada\" target=\"_blank\" rel=\"noopener noreferrer\">Ligue 2 (19e j): le RC Arba\u00e2 sur le podium, l&rsquo;ASM Oran \u00e9trill\u00e9e \u00e0 Boussa\u00e2da<\/a><\/h3>\n<hr>\n<p>\u00ab\u00a0Cette r\u00e9union a enregistr\u00e9 la pr\u00e9sence de 14 clubs de la Ligue 2 et 7 de la Ligue 1, pour essayer de trouver une solution et entreprendre une d\u00e9marche concr\u00e8te pour faire entendre notre voix. Il a \u00e9t\u00e9 d\u00e9cid\u00e9 de boycotter la prochaine journ\u00e9e de Ligue 2, alors que les matchs de Ligue 1 vont se d\u00e9rouler le plus normalement du monde, du moment que les clubs de l&rsquo;\u00e9lite n&rsquo;ont pas \u00e9t\u00e9 majoritaires lors de cette r\u00e9union\u00a0\u00bb, a affirm\u00e9 \u00e0 l&rsquo;APS Mourad Lahlou.<\/p>\n<p>Avant d&rsquo;encha\u00eener: \u00ab\u00a0Nous avons \u00e9t\u00e9 re\u00e7us par le secr\u00e9taire g\u00e9n\u00e9ral du minist\u00e8re de la Jeunesse et des Sports, il nous a promis que nos revendications seront prises en charge. J&rsquo;estime que le syst\u00e8me de financement des clubs professionnels n&rsquo;est pas \u00e9quitable. Les 14 clubs de Ligue 2 m&rsquo;ont remis leurs licences, preuve de leur bonne foi de boycotter la journ\u00e9e de samedi prochain, pour \u00e9viter toute trahison\u00a0\u00bb.<\/p>\n<p>Contact\u00e9 par l&rsquo;APS, Farouk Belguidoum, membre du bureau ex\u00e9cutif de l&rsquo;instance dirigeante de la comp\u00e9tition et porte-parole de la Ligue de football professionnel a r\u00e9pondu : \u00ab\u00a0J&rsquo;ai eu vent de cette r\u00e9union et de l&rsquo;intention des clubs de boycotter la prochaine journ\u00e9e, mais \u00e0 l&rsquo;heure o\u00f9 je parle, nous n&rsquo;avons pas assez de donn\u00e9es, donc je ne peux pas me prononcer sur cette question\u00a0\u00bb.<\/p>\n<\/div>\n<p><img loading=\"lazy\" decoding=\"async\" src=\"http:\/\/feeds.feedburner.com\/~r\/aps-sport\/~4\/3j6hVazOYts\" height=\"1\" width=\"1\" alt=\"\"><\/div>\n<p>Auteur:<br \/>\n<a href=\"http:\/\/feeds.aps.dz\/~r\/aps-sport\/~3\/3j6hVazOYts\/101899-ligue-2-les-clubs-decident-de-boycotter-la-20e-journee\">Cliquez ici pour lire l&rsquo;article depuis sa source.<\/a><\/p>\n","protected":false},"excerpt":{"rendered":"<p>ALGER &#8211; Les clubs de la Ligue 2 professionnelle de football ont d\u00e9cid\u00e9 mercredi de boycotter la 20e journ\u00e9e du championnat, pr\u00e9vue samedi prochain, en raison de la crise financi\u00e8re que traversent la majorit\u00e9 des pensionnaires de cette division, a appris l&rsquo;APS de certains clubs contestataires. En pr\u00e9sence \u00e9galement de quelques responsables de clubs de [&hellip;]<\/p>\n","protected":false},"author":1790,"featured_media":76563,"comment_status":"closed","ping_status":"closed","sticky":false,"template":"","format":"standard","meta":{"fifu_image_url":"","fifu_image_alt":"","footnotes":""},"categories":[53,75],"tags":[],"class_list":["post-76562","post","type-post","status-publish","format-standard","has-post-thumbnail","hentry","category-algerie","category-sport"],"_links":{"self":[{"href":"https:\/\/linitiative.ca\/International\/wp-json\/wp\/v2\/posts\/76562","targetHints":{"allow":["GET"]}}],"collection":[{"href":"https:\/\/linitiative.ca\/International\/wp-json\/wp\/v2\/posts"}],"about":[{"href":"https:\/\/linitiative.ca\/International\/wp-json\/wp\/v2\/types\/post"}],"author":[{"embeddable":true,"href":"https:\/\/linitiative.ca\/International\/wp-json\/wp\/v2\/users\/1790"}],"replies":[{"embeddable":true,"href":"https:\/\/linitiative.ca\/International\/wp-json\/wp\/v2\/comments?post=76562"}],"version-history":[{"count":0,"href":"https:\/\/linitiative.ca\/International\/wp-json\/wp\/v2\/posts\/76562\/revisions"}],"wp:featuredmedia":[{"embeddable":true,"href":"https:\/\/linitiative.ca\/International\/wp-json\/"}],"wp:attachment":[{"href":"https:\/\/linitiative.ca\/International\/wp-json\/wp\/v2\/media?parent=76562"}],"wp:term":[{"taxonomy":"category","embeddable":true,"href":"https:\/\/linitiative.ca\/International\/wp-json\/wp\/v2\/categories?post=76562"},{"taxonomy":"post_tag","embeddable":true,"href":"https:\/\/linitiative.ca\/International\/wp-json\/wp\/v2\/tags?post=76562"}],"curies":[{"name":"wp","href":"https:\/\/api.w.org\/{rel}","templated":true}]}}