{"id":76565,"date":"2020-02-19T10:51:00","date_gmt":"2020-02-19T15:51:00","guid":{"rendered":"https:\/\/linitiative.ca\/International\/ferhat-ait-ali-charge-les-operateurs-de-lelectromenager\/"},"modified":"2020-02-19T10:51:00","modified_gmt":"2020-02-19T15:51:00","slug":"ferhat-ait-ali-charge-les-operateurs-de-lelectromenager","status":"publish","type":"post","link":"https:\/\/linitiative.ca\/International\/ferhat-ait-ali-charge-les-operateurs-de-lelectromenager\/","title":{"rendered":"Ferhat Ait Ali charge les op\u00e9rateurs de l\u2019\u00e9lectrom\u00e9nager"},"content":{"rendered":"<p><br id=\"sep_para_1\" class=\"sep_para access\"\/><\/p>\n<div id=\"para_1\" class=\"para_35606144 resize\">\n<div class=\"texte access firstletter\">Lors de son passage ce mardi au\u00a0 forum \u00e9conomique du quotidien El Moudjahid, le ministre de l\u2019Industrie et des Mines, Ferhat Ait Ali Braham a qualifi\u00e9 les op\u00e9rateurs priv\u00e9s du secteur de l\u2019\u00e9lectrom\u00e9nager d\u2019\u00ab importateurs \u00bb. En effet, pour Ferhat Ait Ali, les op\u00e9rateurs priv\u00e9s de l\u2019\u00e9lectrom\u00e9nager sont impliqu\u00e9s dans la surfacturation, l\u2019importation d\u00e9guis\u00e9e. \u00ab Ils ont un taux d\u2019int\u00e9gration z\u00e9ro ou timide \u00bb, a-t-il dit. \u00ab Il n\u2019est pas logique d\u2019avoir plus de 100 op\u00e9rateurs dans l\u2019\u00e9lectronique et l\u2019\u00e9lectrom\u00e9nager. Certains ont juste deux niveaux de villa et se disent producteurs. Ils sont des importateurs ils n\u2019ont qu\u2019a assumer leur statut \u00bb, a ajout\u00e9 le ministre. Le ministre de l\u2019Industrie a \u00e9galement accus\u00e9 \u00ab ces op\u00e9rateurs \u00bb de transf\u00e9rer illicitement de la devise \u00e0 l\u2019\u00e9tranger et d\u2019alimenter le march\u00e9 parall\u00e8le de la devise. \u00ab le march\u00e9 parall\u00e8le de la devise est aliment\u00e9 en partie par l\u2019argent issu de la surfacturation des produits import\u00e9s par les op\u00e9rateurs priv\u00e9s de l\u2019\u00e9lectrom\u00e9nager \u00bb, a estim\u00e9 Ferhat Ait Ali.<\/div>\n<\/div>\n<p>Auteur: R\u00e9flexion<br \/>\n<a href=\"https:\/\/www.reflexiondz.net\/Ferhat-Ait-Ali-charge-les-operateurs-de-l-electromenager_a60761.html\">Cliquez ici pour lire l&rsquo;article depuis sa source.<\/a><\/p>\n","protected":false},"excerpt":{"rendered":"<p>Lors de son passage ce mardi au\u00a0 forum \u00e9conomique du quotidien El Moudjahid, le ministre de l\u2019Industrie et des Mines, Ferhat Ait Ali Braham a qualifi\u00e9 les op\u00e9rateurs priv\u00e9s du secteur de l\u2019\u00e9lectrom\u00e9nager d\u2019\u00ab importateurs \u00bb. En effet, pour Ferhat Ait Ali, les op\u00e9rateurs priv\u00e9s de l\u2019\u00e9lectrom\u00e9nager sont impliqu\u00e9s dans la surfacturation, l\u2019importation d\u00e9guis\u00e9e. \u00ab [&hellip;]<\/p>\n","protected":false},"author":1740,"featured_media":0,"comment_status":"closed","ping_status":"closed","sticky":false,"template":"","format":"standard","meta":{"fifu_image_url":"","fifu_image_alt":"","footnotes":""},"categories":[53,76],"tags":[],"class_list":["post-76565","post","type-post","status-publish","format-standard","hentry","category-algerie","category-regions"],"_links":{"self":[{"href":"https:\/\/linitiative.ca\/International\/wp-json\/wp\/v2\/posts\/76565","targetHints":{"allow":["GET"]}}],"collection":[{"href":"https:\/\/linitiative.ca\/International\/wp-json\/wp\/v2\/posts"}],"about":[{"href":"https:\/\/linitiative.ca\/International\/wp-json\/wp\/v2\/types\/post"}],"author":[{"embeddable":true,"href":"https:\/\/linitiative.ca\/International\/wp-json\/wp\/v2\/users\/1740"}],"replies":[{"embeddable":true,"href":"https:\/\/linitiative.ca\/International\/wp-json\/wp\/v2\/comments?post=76565"}],"version-history":[{"count":0,"href":"https:\/\/linitiative.ca\/International\/wp-json\/wp\/v2\/posts\/76565\/revisions"}],"wp:attachment":[{"href":"https:\/\/linitiative.ca\/International\/wp-json\/wp\/v2\/media?parent=76565"}],"wp:term":[{"taxonomy":"category","embeddable":true,"href":"https:\/\/linitiative.ca\/International\/wp-json\/wp\/v2\/categories?post=76565"},{"taxonomy":"post_tag","embeddable":true,"href":"https:\/\/linitiative.ca\/International\/wp-json\/wp\/v2\/tags?post=76565"}],"curies":[{"name":"wp","href":"https:\/\/api.w.org\/{rel}","templated":true}]}}