{"id":76570,"date":"2020-02-19T16:14:17","date_gmt":"2020-02-19T21:14:17","guid":{"rendered":"https:\/\/linitiative.ca\/International\/amar-belhimer-le-hirak-a-sauve-letat-de-leffondrement\/"},"modified":"2020-02-19T16:14:17","modified_gmt":"2020-02-19T21:14:17","slug":"amar-belhimer-le-hirak-a-sauve-letat-de-leffondrement","status":"publish","type":"post","link":"https:\/\/linitiative.ca\/International\/amar-belhimer-le-hirak-a-sauve-letat-de-leffondrement\/","title":{"rendered":"Amar Belhimer : \u00ab Le hirak a sauv\u00e9 l&rsquo;Etat de l&rsquo;effondrement \u00bb"},"content":{"rendered":"<p><br class=\"autobr\"\/><br \/>\nLe ministre de la Communication, Porte-parole du gouvernement, Amar Belhimer, a soulign\u00e9 ce mardi que le Hirak peut \u00e0 l\u2019avenir, dans le cadre de la refondation de la sc\u00e8ne politique, alimenter un syst\u00e8me de veille et donner naissance \u00e0 une nouvelle soci\u00e9t\u00e9 civile.<br \/>Lors de son passage \u00e0 l\u2019\u00e9mission \u00ab\u00a0L\u2019invit\u00e9 de la r\u00e9daction\u00a0\u00bb de la Cha\u00eene III de la Radio alg\u00e9rienne, M.\u00a0Belhimer a soutenu l\u2019appel du Hirak \u00e0 consacrer le 22 f\u00e9vrier comme une journ\u00e9e nationale. \u00ab\u00a0Il n\u2019est pas question d\u2019enfreindre la poursuite du Hirak qui peut \u00e0 l\u2019avenir alimenter un syst\u00e8me de veille, la naissance d\u2019une nouvelle soci\u00e9t\u00e9 civile, d\u2019associations sur de nouvelles bases, et la refondation de la sc\u00e8ne politique\u00a0\u00bb, a-t-il d\u00e9clar\u00e9.<br \/>M.\u00a0Belhimer a estim\u00e9 que le Hirak est un mouvement populaire autonome b\u00e9ni, qui a sauv\u00e9 l\u2019Etat alg\u00e9rien d\u2019un effondrement annonc\u00e9.<br \/>Le ministre a ajout\u00e9 que ce mouvement populaire est salutaire, fort opportun et l\u00e9gitime, qu\u2019il a soulev\u00e9 un cri de d\u00e9tresse et d\u2019amour pour l\u2019Alg\u00e9rie, ayant pris conscience de l\u2019\u00e9tat d\u2019effondrement avanc\u00e9 des institutions de la R\u00e9publique.<br \/>Concernant le changement de mode de gouvernance politique tel que pr\u00e9conis\u00e9 dans le plan d\u2019action du gouvernement, le ministre a rappel\u00e9 que ce plan, adopt\u00e9 par le Parlement, \u00ab\u00a0place l\u2019\u00e9quation politique au premier rang des chantiers ouverts\u00a0\u00bb, tout comme \u00ab\u00a0la reconqu\u00eate des libert\u00e9s\u00a0\u00bb.<br \/>A ce propos, M.\u00a0Belhimer a indiqu\u00e9 que parmi les actions inscrites au premier rang figure, entre autres, une matrice politique qui vise \u00e0 r\u00e9habiliter les institutions de l\u2019Etat sur la base de renouer avec le suffrage universel et de couper la relation entre l\u2019argent et l\u2019exercice du pouvoir\u00a0\u00bb, tout en reconnaissant qu\u2019en Alg\u00e9rie la crise est d\u2019abord de sens politique.<br \/>Le nouveau mode de gouvernance, selon lui, \u00ab\u00a0fait appel \u00e0 l\u2019exercice des libert\u00e9s de r\u00e9union et de manifestation, \u00e0 une justice ind\u00e9pendante et moderne adoss\u00e9e \u00e0 un syst\u00e8me de s\u00e9curit\u00e9 des personnes et des biens\u00a0\u00bb et n\u00e9cessite la mise en place d\u2019un syst\u00e8me qui \u00ab\u00a0associe la d\u00e9mocratie repr\u00e9sentative \u00e0 la d\u00e9mocratie participative\u00a0\u00bb, soulignant, dans le m\u00eame ordre d\u2019id\u00e9es, l\u2019importance d\u2019un lien permanent entre une mobilisation sociale populaire et une repr\u00e9sentation politique.<br \/>Dans un autre registre, le ministre de la Communication a signal\u00e9 que l\u2019activit\u00e9 des m\u00e9dias audiovisuels et \u00e9lectroniques n\u00e9cessitait un encadrement juridique. Il a ajout\u00e9 que les m\u00e9dias audiovisuels et \u00e9lectroniques seront prochainement encadr\u00e9s juridiquement car ils sont d\u00e9j\u00e0 agr\u00e9\u00e9s. \u00ab\u00a0Le probl\u00e8me c\u2019est que ces m\u00e9dias \u00e9voluaient dans un secteur de non-droit, car le mode de gouvernance a fait tr\u00e8s peu cas de la place du droit comme mode de r\u00e9gulation\u00a0\u00bb, et c\u2019est \u00ab\u00a0le droit de la force et non la force du droit qui a pr\u00e9valu\u00a0\u00bb, a d\u00e9plor\u00e9 M.\u00a0Belhimer.<br \/>Concernant l\u2019audiovisuel, M.\u00a0Belhimer a d\u00e9clar\u00e9 que \u00ab\u00a0nous allons faire rentrer dans la matrice juridique un certain nombre d\u2019activit\u00e9s, comme celles relatives \u00e0 l\u2019audiovisuel qui ob\u00e9issent \u00e0 des droits \u00e9trangers en ce moment et qui sont port\u00e9es par des organes de transmission \u00e9trangers\u00a0\u00bb.<br \/>Le ministre a rappel\u00e9 que son d\u00e9partement encadrera \u00e9galement l\u2019activit\u00e9 de la presse \u00e9lectronique, qui r\u00e9unit pour le moment quelque 150 sites. Ajoutant qu\u2019il leur a donn\u00e9 l\u2019autorisation d\u2019exercer leurs activit\u00e9s en attendant de les encadrer juridiquement, lors du premier atelier de r\u00e9forme du secteur de la communication consacr\u00e9 \u00e0 la presse \u00e9lectronique, pr\u00e9vu jeudi prochain.<br \/>Les cha\u00eenes de t\u00e9l\u00e9vision relevant du secteur priv\u00e9 \u00ab\u00a0seront de droit alg\u00e9rien, et nous allons mettre dans la mesure du possible un syst\u00e8me qui les mettra sur le satellite alg\u00e9rien ALCOMSAT1\u00a0\u00bb, a fait savoir M.\u00a0Belhimer, affirmant par ailleurs qu\u2019\u00ab\u00a0aucun site \u00e9lectronique n\u2019est bloqu\u00e9\u00a0\u00bb.<br \/>Concernant la libert\u00e9 de la presse en Alg\u00e9rie, le ministre a d\u00e9clar\u00e9\u00a0: \u00ab\u00a0je pr\u00f4ne comme cadre commun d\u2019exercice du m\u00e9tier de journaliste une matrice qui repose sur l\u2019\u00e9quation libert\u00e9-responsabilit\u00e9\u00a0\u00bb, pr\u00e9cisant que celle-ci \u00ab\u00a0mettra en harmonie une libert\u00e9 totale avec abolition du syst\u00e8me d\u2019agr\u00e9ment\u00a0\u00bb.<br \/>Il a plaid\u00e9 en m\u00eame temps pour \u00ab\u00a0un syst\u00e8me de responsabilit\u00e9 qui encadre l\u2019exercice de cette libert\u00e9\u00a0\u00bb, laquelle doit \u00ab\u00a0respecter le droit \u00e0 l\u2019image d\u2019autrui, l\u2019honneur et la vie priv\u00e9e des personnes\u00a0\u00bb.<br \/>Il a ajout\u00e9 que la matrice qu\u2019il d\u00e9fend \u00ab\u00a0repose aussi sur un certain nombre de valeurs partag\u00e9es relatives \u00e0 l\u2019\u00e9thique et la d\u00e9ontologie, ainsi qu\u2019\u00e0 l\u2019autor\u00e9gulation et la r\u00e9gulation de la profession\u00a0\u00bb.<br \/>Concernant la presse \u00e9crite, M.\u00a0Belhimer a indiqu\u00e9 qu\u2019\u00ab\u00a0il n\u2019y a pas une seule entreprise de presse, publique ou priv\u00e9e, qui soit viable\u00a0\u00bb, ajoutant que \u00ab\u00a0toutes les entreprises rencontrent aujourd\u2019hui des difficult\u00e9s, dont celle de s\u2019adapter \u00e0 des mutations technologiques\u00a0\u00bb.<br \/>En r\u00e9ponse \u00e0 une question sur une \u00e9ventuelle aide de l\u2019Etat pour les journaux en difficult\u00e9, le ministre a r\u00e9pondu que \u00ab\u00a0pour l\u2019instant il n\u2019y a aucun outil financier pour soutenir la presse papier en difficult\u00e9, puisque le fonds de soutien \u00e0 la presse n\u2019est plus aliment\u00e9 depuis 2015\u00a0\u00bb.<br \/>\u00ab\u00a0Les moyens de soutien disponibles en ce moment se limitent aux dettes aupr\u00e8s des imprimeries, la publicit\u00e9 d\u2019Etat et les maisons de la presse qui mettent des locaux \u00e0 la disposition des titres de la presse dans diff\u00e9rentes wilayas du pays\u00a0\u00bb, a-t-il pr\u00e9cis\u00e9.<br \/>A propos des moyens de pr\u00e9server les droits des journalistes, le ministre a soulign\u00e9 l\u2019importance de la mise en place \u00ab\u00a0d\u2019associations et de syndicats repr\u00e9sentatifs, actifs, puissants et unitaires, qui valorisent le bon exercice du m\u00e9tier\u00a0\u00bb.<br \/>\u00a0<\/p>\n<div id=\"video\">\n<p><iframe loading=\"lazy\" width=\"560\" height=\"315\" src=\"https:\/\/www.youtube.com\/embed\/K7E8uOGW5zk?theme=light&#038;color=red&#038;showinfo=0&#038;iv_load_policy=3&#038;modestbranding=1&#038;nologo=1&#038;vq=large&#038;autoplay=0&#038;ps=docs\" frameborder=\"0\" allowfullscreen=\"\">[embedded content]<\/iframe><\/p>\n<\/div>\n<p>Auteur: Boudjedri<br \/>\n<a href=\"http:\/\/www.jeune-independant.net\/Amar-Belhimer-Le-hirak-a-sauve-l.html\">Cliquez ici pour lire l&rsquo;article depuis sa source.<\/a><\/p>\n","protected":false},"excerpt":{"rendered":"<p>Le ministre de la Communication, Porte-parole du gouvernement, Amar Belhimer, a soulign\u00e9 ce mardi que le Hirak peut \u00e0 l\u2019avenir, dans le cadre de la refondation de la sc\u00e8ne politique, alimenter un syst\u00e8me de veille et donner naissance \u00e0 une nouvelle soci\u00e9t\u00e9 civile.Lors de son passage \u00e0 l\u2019\u00e9mission \u00ab\u00a0L\u2019invit\u00e9 de la r\u00e9daction\u00a0\u00bb de la Cha\u00eene [&hellip;]<\/p>\n","protected":false},"author":1737,"featured_media":0,"comment_status":"closed","ping_status":"closed","sticky":false,"template":"","format":"standard","meta":{"fifu_image_url":"","fifu_image_alt":"","footnotes":""},"categories":[73,53],"tags":[],"class_list":["post-76570","post","type-post","status-publish","format-standard","hentry","category-actualite","category-algerie"],"_links":{"self":[{"href":"https:\/\/linitiative.ca\/International\/wp-json\/wp\/v2\/posts\/76570","targetHints":{"allow":["GET"]}}],"collection":[{"href":"https:\/\/linitiative.ca\/International\/wp-json\/wp\/v2\/posts"}],"about":[{"href":"https:\/\/linitiative.ca\/International\/wp-json\/wp\/v2\/types\/post"}],"author":[{"embeddable":true,"href":"https:\/\/linitiative.ca\/International\/wp-json\/wp\/v2\/users\/1737"}],"replies":[{"embeddable":true,"href":"https:\/\/linitiative.ca\/International\/wp-json\/wp\/v2\/comments?post=76570"}],"version-history":[{"count":0,"href":"https:\/\/linitiative.ca\/International\/wp-json\/wp\/v2\/posts\/76570\/revisions"}],"wp:attachment":[{"href":"https:\/\/linitiative.ca\/International\/wp-json\/wp\/v2\/media?parent=76570"}],"wp:term":[{"taxonomy":"category","embeddable":true,"href":"https:\/\/linitiative.ca\/International\/wp-json\/wp\/v2\/categories?post=76570"},{"taxonomy":"post_tag","embeddable":true,"href":"https:\/\/linitiative.ca\/International\/wp-json\/wp\/v2\/tags?post=76570"}],"curies":[{"name":"wp","href":"https:\/\/api.w.org\/{rel}","templated":true}]}}