{"id":76571,"date":"2020-02-19T16:14:20","date_gmt":"2020-02-19T21:14:20","guid":{"rendered":"https:\/\/linitiative.ca\/International\/52e-marche-des-etudiants-une-manif-mouvementee\/"},"modified":"2020-02-19T16:14:20","modified_gmt":"2020-02-19T21:14:20","slug":"52e-marche-des-etudiants-une-manif-mouvementee","status":"publish","type":"post","link":"https:\/\/linitiative.ca\/International\/52e-marche-des-etudiants-une-manif-mouvementee\/","title":{"rendered":"52e marche des \u00e9tudiants : Une manif mouvement\u00e9e"},"content":{"rendered":"<p>\u00c0 deux jours du premier anniversaire\u00a0du mouvement de contestation du 22 f\u00e9vrier 2019, la 52e marche des \u00e9tudiants \u00e0 Alger a \u00e9t\u00e9 mouvement\u00e9e apr\u00e8s plusieurs mardis de qui\u00e9tude et de s\u00e9r\u00e9nit\u00e9.<br \/>Plusieurs escarmouches entre les forces de l\u2019ordre et les manifestants ont eu lieu, suite \u00e0 l\u2019arrestation d\u2019un manifestant qui portait l\u2019embl\u00e8me amazigh vers 12h 30, \u00e0 la rue sergent Addoun (Alger-Centre).<br \/>La foule s\u2019est vite ru\u00e9e sur les agents\u00a0qui se sont saisis brutalement de la personne pour la conduire vers un fourgon blanc r\u00e9serv\u00e9 g\u00e9n\u00e9ralement aux personnes interpell\u00e9es.<br \/>C\u2019est en voulant \u00e9vacuer la rue Abdelkrim-El-Khettabi, investie par une\u00a0foule tr\u00e8s agit\u00e9e, que des affrontements ont eu lieu. Un acte qui qui a exacerb\u00e9 la col\u00e8re des manifestants scandant \u00e0 voix d\u00e9ploy\u00e9e\u00a0\u00ab\u00a0Atalgo w-ladna ya ouled fran\u00e7a\u00a0\u00bb (lib\u00e9rez nos enfants, vous enfants de la France).\u00a0<br \/>Un moment d\u2019accalmie a r\u00e9gn\u00e9 et les manifestants ont poursuivi leur\u00a0circuit habituel\u00a0jusqu\u2019\u00e0 la rue Ferroukhi-Mustapha. En arrivant \u00e0 la rue Didouche-Mourad, les \u00e9tudiant ont\u00a0bifurqu\u00e9 au galop vers les hauteurs de la grande art\u00e8re, brouillant de la sorte les pistes aux forces de l\u2019ordre qui les attendaient \u00e0 la place Audin.\u00a0La dispersion inopin\u00e9e de la foule \u00e0 travers la rue a sem\u00e9 la confusion. Les policiers tentaient de ma\u00eetriser la d\u00e9ferlante qui se dirigeait par la suite vers la rue Victor-Hugo avant de rejoindre la rue Hassiba-Ben-Bouali. Le dispositif s\u00e9curitaire s\u2019est renforc\u00e9 pour confiner la foule \u00e0 la place de la libert\u00e9 de la presse, en vue d\u2019endiguer son avancement vers la place du 1er Mai. Les contestataires ripostaient en r\u00e9p\u00e9tant plusieurs fois le leitmotiv\u00a0: \u00ab\u00a0la khawf la rou3b chari3 milk e-ch\u00e2ab\u00a0\u00bb.\u00a0<br \/>Par ailleurs, les contestataires ont fustig\u00e9, lors de ce 52e mardi, Karim Youn\u00e8s, d\u00e9sign\u00e9 dimanche m\u00e9diateur de la R\u00e9publique. \u00ab\u00a0Karim Youn\u00e8s \u00e0 la poubelle\u00a0\u00bb, ont-ils r\u00e9p\u00e9t\u00e9.<br \/>Pour m\u00e9moire, Karim Youn\u00e8s avait conduit le panel de m\u00e9diation et de dialogue en juillet dernier, qui n\u2019a pas fait long feu pour d\u00e9boucher sur l\u2019installation de l\u2019Autorit\u00e9 des \u00e9lections (ANIE) et l\u2019organisation de la pr\u00e9sidentielle du 12 d\u00e9cembre dernier.<br \/>Malgr\u00e9 la r\u00e9pression, les manifestants\u00a0n\u2019ont pas\u00a0cess\u00e9 de promettre une c\u00e9l\u00e9bration \u00ab\u00a0exceptionnelle\u00a0\u00bb du premier anniversaire\u00a0du mouvement du 22 f\u00e9vrier. Les hirakistes envisagent ainsi de consacrer \u00e0 la comm\u00e9moration de ce rendez-vous national important une marche grandiose qui se d\u00e9roulera\u00a0sur deux jours cons\u00e9cutifs, soit vendredi et samedi (21 et 22 f\u00e9vrier 2020). \u00ab\u00a0djam3a w\u2019sabt malyounia\u00a0\u00bb (vendredi et samedi une millionnaire\u00a0!).<br \/>C\u2019est dire que l\u2019approche du 22 f\u00e9vrier 2020 ravive la d\u00e9termination des hirakistes\u00a0et leur donne un nouveau souffle\u00a0pour entamer une\u00a0nouvelle \u00e8re. Sera-t-elle l\u2019\u00e8re de la cristallisation d\u2019un mouvement structur\u00e9 en mesure d\u2019exiger la satisfaction des revendications populaires .\u00a0<\/p>\n<p>Auteur: Boudjedri<br \/>\n<a href=\"http:\/\/www.jeune-independant.net\/52e-marche-des-etudiants-Une-manif.html\">Cliquez ici pour lire l&rsquo;article depuis sa source.<\/a><\/p>\n","protected":false},"excerpt":{"rendered":"<p>\u00c0 deux jours du premier anniversaire\u00a0du mouvement de contestation du 22 f\u00e9vrier 2019, la 52e marche des \u00e9tudiants \u00e0 Alger a \u00e9t\u00e9 mouvement\u00e9e apr\u00e8s plusieurs mardis de qui\u00e9tude et de s\u00e9r\u00e9nit\u00e9.Plusieurs escarmouches entre les forces de l\u2019ordre et les manifestants ont eu lieu, suite \u00e0 l\u2019arrestation d\u2019un manifestant qui portait l\u2019embl\u00e8me amazigh vers 12h 30, [&hellip;]<\/p>\n","protected":false},"author":1737,"featured_media":0,"comment_status":"closed","ping_status":"closed","sticky":false,"template":"","format":"standard","meta":{"fifu_image_url":"","fifu_image_alt":"","footnotes":""},"categories":[73,53],"tags":[],"class_list":["post-76571","post","type-post","status-publish","format-standard","hentry","category-actualite","category-algerie"],"_links":{"self":[{"href":"https:\/\/linitiative.ca\/International\/wp-json\/wp\/v2\/posts\/76571","targetHints":{"allow":["GET"]}}],"collection":[{"href":"https:\/\/linitiative.ca\/International\/wp-json\/wp\/v2\/posts"}],"about":[{"href":"https:\/\/linitiative.ca\/International\/wp-json\/wp\/v2\/types\/post"}],"author":[{"embeddable":true,"href":"https:\/\/linitiative.ca\/International\/wp-json\/wp\/v2\/users\/1737"}],"replies":[{"embeddable":true,"href":"https:\/\/linitiative.ca\/International\/wp-json\/wp\/v2\/comments?post=76571"}],"version-history":[{"count":0,"href":"https:\/\/linitiative.ca\/International\/wp-json\/wp\/v2\/posts\/76571\/revisions"}],"wp:attachment":[{"href":"https:\/\/linitiative.ca\/International\/wp-json\/wp\/v2\/media?parent=76571"}],"wp:term":[{"taxonomy":"category","embeddable":true,"href":"https:\/\/linitiative.ca\/International\/wp-json\/wp\/v2\/categories?post=76571"},{"taxonomy":"post_tag","embeddable":true,"href":"https:\/\/linitiative.ca\/International\/wp-json\/wp\/v2\/tags?post=76571"}],"curies":[{"name":"wp","href":"https:\/\/api.w.org\/{rel}","templated":true}]}}