{"id":76573,"date":"2020-02-18T20:30:19","date_gmt":"2020-02-19T01:30:19","guid":{"rendered":"https:\/\/linitiative.ca\/International\/el-hamel-sa-famille-et-des-ex-cadres-de-letat-devant-le-juge\/"},"modified":"2020-02-18T20:30:19","modified_gmt":"2020-02-19T01:30:19","slug":"el-hamel-sa-famille-et-des-ex-cadres-de-letat-devant-le-juge","status":"publish","type":"post","link":"https:\/\/linitiative.ca\/International\/el-hamel-sa-famille-et-des-ex-cadres-de-letat-devant-le-juge\/","title":{"rendered":"El Hamel, sa famille et des ex-cadres de l&rsquo;Etat devant le juge"},"content":{"rendered":"<p>Quelques jours seulement apr\u00e8s avoir renvoy\u00e9 le proc\u00e8s en appel de la \u00ab\u00a0Issaba\u00a0\u00bb, qui devait se d\u00e9rouler au si\u00e8ge de la cour d\u2019Alger, le tribunal de Sidi M\u2019Hamed pr\u00e8s la m\u00eame juridiction sera, \u00e0 partir ce mercredi, le th\u00e9\u00e2tre du jugement de l\u2019ex-directeur g\u00e9n\u00e9ral de la S\u00fbret\u00e9 nationale, le g\u00e9n\u00e9ral-major Abdelghani Hamel, son fils Mourad, son \u00e9pouse et sa fille ainsi que d\u2019autres ex-cadres de l\u2019Etat.<br \/>Les inculp\u00e9s sont impliqu\u00e9s dans des affaires li\u00e9es \u00e0 la malversation et \u00e0 l\u2019abus d\u2019autorit\u00e9, et au trafic d\u2019influence.<br \/>Les membres de la famille Hamel sont tous poursuivis pour des chefs d\u2019inculpation \u00e0 caract\u00e8re p\u00e9nal. Parmi les principales accusations retenues contre eux figurent entre autres le trafic d\u2019influence, l\u2019abus d\u2019autorit\u00e9, le d\u00e9tournement du foncier et l\u2019enrichissement illicite.\u00a0<br \/>Pour rappel, le juge d\u2019instruction de la 9e chambre du p\u00f4le judiciaire du tribunal de Sidi M\u2019Hamed a d\u00e9cid\u00e9 de placer l\u2019ex-patron de la police alg\u00e9rienne, le 5 juillet de l\u2019ann\u00e9e \u00e9coul\u00e9e, \u00e0 la prison d\u2019El Harrach.<br \/>L\u2019\u00e9pouse et les enfants de cet ex-cadre de l\u2019Etat, poursuivis dans le m\u00eame cadre, sont incrimin\u00e9s pour avoir us\u00e9 de l\u2019influence du g\u00e9n\u00e9ral-major pour accaparer des biens d\u2019autrui, constituant une grande fortune en Alg\u00e9rie et \u00e0 l\u2019\u00e9tranger.\u00a0<br \/>Le g\u00e9n\u00e9ral-major a \u00e9t\u00e9 conduit vers 3 heures 50 minutes le jour m\u00eame du 57e anniversaire de l\u2019ind\u00e9pendance de l\u2019Alg\u00e9rie \u00e0 l\u2019\u00e9tablissement p\u00e9nitentiaire d\u2019El Harrach \u00e0 bord d\u2019un fourgon de la Gendarmerie nationale qu\u2019il a command\u00e9e pendant des ann\u00e9es.<br \/>Dans le m\u00eame cadre, le juge d\u2019instruction a d\u00e9cid\u00e9 le m\u00eame jour de placer \u00e9galement le fils d\u2019Abdelghani Hamel, Mourad, en d\u00e9tention provisoire dans la m\u00eame prison pour le m\u00eame chef d\u2019inculpation retenu contre son p\u00e8re, que ce soit au niveau de l\u2019enqu\u00eate pr\u00e9liminaire men\u00e9e par la brigade des investigations de la gendarmerie de Bab Ejedid et l\u2019instruction judiciaire, \u00e0 savoir d\u00e9tournement du foncier dans trois wilayas\u00a0: Alger, Oran et Tlemcen.<br \/>Mourad Hamel a \u00e9t\u00e9 cit\u00e9 \u00e0 plusieurs reprises dans des affaires li\u00e9es \u00e0 la malversation et au trafic de drogue. Il a \u00e9t\u00e9 auditionn\u00e9 par le magistrat instructeur dans le cadre de l\u2019affaire dite \u00ab\u00a0Kamel El Bouchi\u00a0\u00bb.<br \/>L\u2019\u00e9pouse de Hamel et sa fille ont \u00e9t\u00e9 quant \u00e0 elles plac\u00e9es sous contr\u00f4le judiciaire pour les m\u00eames accusations port\u00e9es contre le p\u00e8re et le fils. Ces derniers ont accapar\u00e9 des biens d\u2019autrui et ont b\u00e2ti une fortune en Alg\u00e9rie et \u00e0 l\u2019\u00e9tranger.<br \/>Le magistrat instructeur a par ailleurs transf\u00e9r\u00e9 les dossiers des ex-walis Kadi de Tlemcen et Abdelkader Zoukh d\u2019Alger au procureur g\u00e9n\u00e9ral pr\u00e8s la Cour d\u2019Alger, qui les a remis de son c\u00f4t\u00e9 au conseiller rapporteur de la Cour supr\u00eame. Le premier a \u00e9t\u00e9 incarc\u00e9r\u00e9 et le deuxi\u00e8me plac\u00e9 sous contr\u00f4le judiciaire\u00a0<br \/>Le juge d\u2019instruction a en outre d\u00e9cid\u00e9 de remettre les dossiers des ex-walis qui ont occup\u00e9 par la suite des portefeuilles minist\u00e9riels Abdelmalek Boudiaf, ex-ministre de la Sant\u00e9 et Abdelghani Zaalane, ex-ministre des Transports, \u00e0 l\u2019actuel ministre de la Justice et garde des Sceaux lorsqu\u2019il \u00e9tait procureur g\u00e9n\u00e9ral pr\u00e8s la Cour d\u2019Alger. Ce dernier s\u2019est charg\u00e9 conform\u00e9ment \u00e0 la loi de les remettre \u00e0 l\u2019avocat g\u00e9n\u00e9ral, c\u2019est-\u00e0-dire procureur g\u00e9n\u00e9ral de la plus haute institution judiciaire dans le pays, \u00e0 savoir la Cour Supr\u00eame.<br \/>Ces ex-cadres qui \u00e9taient \u00e0 la t\u00eate de la wilaya d\u2019Oran sont poursuivis pour complicit\u00e9 dans le d\u00e9tournement du foncier. Ils ont facilit\u00e9 la t\u00e2che \u00e0 l\u2019ex-patron de la police d\u2019accaparer de mani\u00e8re ill\u00e9gale plusieurs terres agricoles et parcelles de terrain \u00e0 travers plusieurs r\u00e9gions du pays.\u00a0<\/p>\n<p>.<\/p>\n<p>Auteur: Boudjedri<br \/>\n<a href=\"http:\/\/www.jeune-independant.net\/El-Hamel-sa-famille-et-des-ex.html\">Cliquez ici pour lire l&rsquo;article depuis sa source.<\/a><\/p>\n","protected":false},"excerpt":{"rendered":"<p>Quelques jours seulement apr\u00e8s avoir renvoy\u00e9 le proc\u00e8s en appel de la \u00ab\u00a0Issaba\u00a0\u00bb, qui devait se d\u00e9rouler au si\u00e8ge de la cour d\u2019Alger, le tribunal de Sidi M\u2019Hamed pr\u00e8s la m\u00eame juridiction sera, \u00e0 partir ce mercredi, le th\u00e9\u00e2tre du jugement de l\u2019ex-directeur g\u00e9n\u00e9ral de la S\u00fbret\u00e9 nationale, le g\u00e9n\u00e9ral-major Abdelghani Hamel, son fils Mourad, [&hellip;]<\/p>\n","protected":false},"author":1737,"featured_media":0,"comment_status":"closed","ping_status":"closed","sticky":false,"template":"","format":"standard","meta":{"fifu_image_url":"","fifu_image_alt":"","footnotes":""},"categories":[73,53],"tags":[],"class_list":["post-76573","post","type-post","status-publish","format-standard","hentry","category-actualite","category-algerie"],"_links":{"self":[{"href":"https:\/\/linitiative.ca\/International\/wp-json\/wp\/v2\/posts\/76573","targetHints":{"allow":["GET"]}}],"collection":[{"href":"https:\/\/linitiative.ca\/International\/wp-json\/wp\/v2\/posts"}],"about":[{"href":"https:\/\/linitiative.ca\/International\/wp-json\/wp\/v2\/types\/post"}],"author":[{"embeddable":true,"href":"https:\/\/linitiative.ca\/International\/wp-json\/wp\/v2\/users\/1737"}],"replies":[{"embeddable":true,"href":"https:\/\/linitiative.ca\/International\/wp-json\/wp\/v2\/comments?post=76573"}],"version-history":[{"count":0,"href":"https:\/\/linitiative.ca\/International\/wp-json\/wp\/v2\/posts\/76573\/revisions"}],"wp:attachment":[{"href":"https:\/\/linitiative.ca\/International\/wp-json\/wp\/v2\/media?parent=76573"}],"wp:term":[{"taxonomy":"category","embeddable":true,"href":"https:\/\/linitiative.ca\/International\/wp-json\/wp\/v2\/categories?post=76573"},{"taxonomy":"post_tag","embeddable":true,"href":"https:\/\/linitiative.ca\/International\/wp-json\/wp\/v2\/tags?post=76573"}],"curies":[{"name":"wp","href":"https:\/\/api.w.org\/{rel}","templated":true}]}}