{"id":76579,"date":"2020-02-19T14:18:00","date_gmt":"2020-02-19T19:18:00","guid":{"rendered":"https:\/\/linitiative.ca\/International\/fakhfakh-boucle-finalement-son-gouvernement-de-concessions-la-liste-complete\/"},"modified":"2020-02-19T14:18:00","modified_gmt":"2020-02-19T19:18:00","slug":"fakhfakh-boucle-finalement-son-gouvernement-de-concessions-la-liste-complete","status":"publish","type":"post","link":"https:\/\/linitiative.ca\/International\/fakhfakh-boucle-finalement-son-gouvernement-de-concessions-la-liste-complete\/","title":{"rendered":"Fakhfakh boucle finalement son gouvernement de concessions : La liste compl\u00e8te"},"content":{"rendered":"<p>Investiture ou dissolution du parlement: les partis politiques ont fini par plier devant l\u2019oukase sans appel du pr\u00e9sident Kais Saied. Ely\u00e8s Fakhfakh peut souffler ce mercredi soir, un grand ouf, en bouclant finalement au forceps son casting, maintes fois remani\u00e9. Remettant juste \u00e0 quelques heures seulement de l\u2019\u00e9ch\u00e9ance butoir de minuit, au chef de l\u2019Etat la liste de son gouvernement, il marque sans doute un bon point, quelque soient les concessions faites et les reniements av\u00e9r\u00e9s indispensables pour s\u2019assurer de l\u2019aval de l\u2019ARP. L\u2019essentiel pour lui est de n\u2019avoir pas jet\u00e9 l\u2019\u00e9ponge et d\u2019\u00eatre parvenu \u00e0 un accord de coalition. Oublions \u00ab\u00a0le programme\u00a0\u00bb, retenons juste la composition finale du futur gouvernement. Les commentaires et analyses n\u2019expliquent aucune vision commune, ni plan d\u2019action en partage, plut\u00f4t des postes obtenus, au gr\u00e9 de l\u2019\u00e9quilibre mouvant des forces en pr\u00e9sence.<\/p>\n<p>A l\u2019arrach\u00e9e, chaque parti de la nouvelle coalition gouvernementale a n\u00e9goci\u00e9 jusqu\u2019au bout, un maroquin de ministre d\u2019Etat, de ministre ou de secr\u00e9taire d\u2019Etat, de quoi sauver la face devant ses membres et l\u2019opinion publique, et satisfaire des ambitions. Tous savent cependant que cet attelage de derni\u00e8re minute risque de s\u2019av\u00e9rer fragile, mena\u00e7ant de rompre \u00e0 la moindre \u00e9preuve. Attendons-nous \u00e0 voir ce qui va se passer en conseil des ministres. Ambiance. Exc\u00e9d\u00e9s par tant de tiraillements, d&rsquo;invectives, d&rsquo;accusations et de marchandages, les Tunisiens s&rsquo;interrogentb en quoi ce nouveau guvernement changera leur quotidien et r\u00e9soudra leurs probl\u00e8mes.\u00a0Ils sont ailleurs.<\/p>\n<p>Ce qui est regrettable, c&rsquo;est que Fakhfakh a d\u00e9cid\u00e9, et c&rsquo;est in\u00e9dit, de proclamer la composition devant une seule cam\u00e9ra, celle de la Chaine publique, de permanence au palais de Carthage, hors la pr\u00e9sence des journalistes.\u00a0Que craint-il ? D&rsquo;\u00eatre interrog\u00e9 par les repr\u00e9sentants des m\u00e9dias ? Mais, c&rsquo;est tout-\u00e0-fait normal et n\u00e9cessaire. \u00c7a commence mal et n&rsquo;augure rien de bon quant \u00e0 ses rapports futurs avec la presse et son respect de leur mission.<\/p>\n<p>M\u00e9ritant ce soir un repos de combattant, apr\u00e8s 30 jours et 30 nuits d&rsquo;une rare intensit\u00e9, Ely\u00e8s Fakhfakh doit d\u00e8s ce jeudi matin aborder le plus dur de ce qui l&rsquo;attend \u00e0 la Kasbah.<\/p>\n<h2>La liste compl\u00e8te du gouvernement Fakhfakh<\/h2>\n<p><span class=\"c2\"><strong>\u2022 Ministre de la Justice\u00a0:<\/strong><\/span>\u00a0Thouraya Jeribi\u2028 Khemiri<\/p>\n<p><span class=\"c2\"><strong><span class=\"c2\"><strong>\u2022<\/strong><\/span> Ministre de la D\u00e9fense nationale\u00a0:<\/strong><\/span>\u00a0<a href=\"https:\/\/www.leaders.com.tn\/article\/29182-qui-est-imed-hazgui-pressenti-ministre-de-la-defense-nationale\" target=\"_blank\" rel=\"noopener noreferrer\">Imed Hazgui\u2028<\/a><\/p>\n<p><span class=\"c2\"><strong><span class=\"c2\"><strong>\u2022<\/strong><\/span> Ministre de l\u2019Int\u00e9rieur\u00a0:\u00a0<\/strong><\/span>Hichem Mechichi<\/p>\n<p><span class=\"c2\"><strong><span class=\"c2\"><strong>\u2022<\/strong><\/span> Ministre des Affaires \u00e9trang\u00e8res :<\/strong><\/span>\u00a0<a href=\"https:\/\/www.leaders.com.tn\/article\/29149-la-mission-difficile-de-noureddine-erray-ministre-des-affaires-etrangeres\" target=\"_blank\" rel=\"noopener noreferrer\">Noureddine Erray\u2028\u2028<\/a><\/p>\n<p><span class=\"c2\"><strong><span class=\"c2\"><strong>\u2022<\/strong><\/span> Ministre des Finances\u00a0:<\/strong><\/span>\u00a0<a href=\"https:\/\/www.leaders.com.tn\/article\/29188-qui-est-nizar-yaiche-pressenti-ministre-des-finances\" target=\"_blank\" rel=\"noopener noreferrer\">Nizar Yaiche\u2028<\/a><\/p>\n<p><span class=\"c2\"><strong><span class=\"c2\"><strong>\u2022<\/strong><\/span> Ministre de l\u2019Industrie\u00a0:<\/strong><\/span>\u00a0Salah Ben Youssef\u2028<\/p>\n<p><span class=\"c2\"><strong><span class=\"c2\"><strong>\u2022<\/strong><\/span> Ministre d\u2019Etat, du Transport et de la Logistique\u00a0:\u00a0<\/strong><\/span>Anouar Maarouf<\/p>\n<p><span class=\"c2\"><strong><span class=\"c2\"><strong>\u2022<\/strong><\/span> Ministre des Affaires sociales\u00a0:<\/strong><\/span>\u00a0<a href=\"https:\/\/www.leaders.com.tn\/article\/29140-habib-kechaou-nouveau-ministre-des-affaires-sociales-il-n-a-pas-que-les-relations-professionnelles-la-misere-sociale-devient-toxique\" target=\"_blank\" rel=\"noopener noreferrer\">Habib Kechaou\u2028<\/a><\/p>\n<p><span class=\"c2\"><strong><span class=\"c2\"><strong>\u2022<\/strong><\/span> Ministre des Technologies de la communication et de la transition num\u00e9rique\u00a0:\u00a0<\/strong><\/span>Mohamed Fadhel Kra\u00efem\u2028<\/p>\n<p><span class=\"c2\"><strong><span class=\"c2\"><strong>\u2022<\/strong><\/span> Ministre du D\u00e9veloppement, de l\u2019Investissement et de la Coop\u00e9ration internationale\u00a0:\u00a0<\/strong><\/span><a href=\"https:\/\/www.leaders.com.tn\/article\/29147-selim-azzabi\" target=\"_blank\" rel=\"noopener noreferrer\">Selim Azzabi\u2028<\/a><\/p>\n<p><span class=\"c2\"><strong><span class=\"c2\"><strong>\u2022<\/strong><\/span> Ministre de l\u2019Education\u00a0:\u00a0<\/strong><\/span>Mohamed Hamdi\u2028<\/p>\n<p><span class=\"c2\"><strong><span class=\"c2\"><strong>\u2022<\/strong><\/span> Ministre de l\u2019Enseignement sup\u00e9rieur et de la Recherche scientifique\u00a0:<\/strong><\/span>\u00a0Slim Choura\u2028<\/p>\n<p><span class=\"c2\"><strong><span class=\"c2\"><strong>\u2022<\/strong><\/span> Ministre de la Sant\u00e9\u00a0:<\/strong><\/span>\u00a0Abdellatif Mekki\u2028<\/p>\n<p><span class=\"c2\"><strong><span class=\"c2\"><strong>\u2022<\/strong><\/span> Ministre du Commerce\u00a0:\u00a0<\/strong><\/span>Mohemd Messlini\u2028<\/p>\n<p><span class=\"c2\"><strong><span class=\"c2\"><strong>\u2022<\/strong><\/span> Ministre de l\u2019Energie et des Mines et de la transition \u00e9nerg\u00e9tique\u00a0:<\/strong><\/span>\u00a0<a href=\"https:\/\/www.leaders.com.tn\/article\/28731-qui-est-mongi-marzoug\" target=\"_blank\" rel=\"noopener noreferrer\">Mongi Marzoug<\/a>\u2028<\/p>\n<p><span class=\"c2\"><strong><span class=\"c2\"><strong>\u2022<\/strong><\/span> Ministre des Droits de l\u2019Homme et des relations avec la Soci\u00e9t\u00e9 civile et les institutions constitutionnelles\u00a0:<\/strong><\/span>\u00a0Ayachi Hammami\u2028<\/p>\n<p><span class=\"c2\"><strong><span class=\"c2\"><strong>\u2022<\/strong><\/span> Ministre du Tourisme et de l\u2019Artisanat\u00a0:\u00a0<\/strong><\/span><a href=\"https:\/\/www.leaders.com.tn\/article\/29141-mohamed-ali-toumi-ministre-du-tourisme-le-voyagiste-qui-doit-confirmer-la-relance-du-secteur\" target=\"_blank\" rel=\"noopener noreferrer\">Mohamed Ali Toumi\u2028<\/a><\/p>\n<p><span class=\"c2\"><strong><span class=\"c2\"><strong>\u2022<\/strong><\/span> Ministre des Affaires culturelles\u00a0:\u00a0<\/strong><\/span>Chiraz La\u00e2tiri\u2028<\/p>\n<p><span class=\"c2\"><strong><span class=\"c2\"><strong>\u2022<\/strong><\/span> Ministre des Domaines de l\u2019Etat et des Affaires fonci\u00e8res\u00a0:<\/strong><\/span>\u00a0Ghazi Chaouachi\u2028<\/p>\n<p><span class=\"c2\"><strong><span class=\"c2\"><strong>\u2022<\/strong><\/span> Ministre de la Jeunesse et des Sports\u00a0:\u00a0<\/strong><\/span>Ahmed Ga\u00e2loul\u2028<\/p>\n<p><span class=\"c2\"><strong><span class=\"c2\"><strong>\u2022<\/strong><\/span> Ministre de la Femme, de la Famille, de l\u2019Enfance et des Seniors\u00a0:\u00a0<\/strong><\/span><a href=\"https:\/\/www.leaders.com.tn\/article\/29151-asma-sehiri-laabidi-sera-t-elle-la-troisieme-labidi-ministre-de-la-femme\" target=\"_blank\" rel=\"noopener noreferrer\">Asma Shiri\u2028<\/a><\/p>\n<p><span class=\"c2\"><strong><span class=\"c2\"><strong>\u2022<\/strong><\/span> Ministre de l\u2019Equipement\u00a0:<\/strong><\/span>\u00a0Moncef Selliti\u2028<\/p>\n<p><span class=\"c2\"><strong><span class=\"c2\"><strong>\u2022<\/strong><\/span> Ministre de la Formation professionnelle et de l\u2019Emploi\u00a0:\u00a0<\/strong><\/span>Fathi Belhaj\u2028<\/p>\n<p><span class=\"c2\"><strong><span class=\"c2\"><strong>\u2022<\/strong><\/span> Ministre de la Fonction publique, de la R\u00e9forme administrative et de la Lutte contre la corruption\u00a0:<\/strong><\/span>\u00a0Mohamed Abbou\u2028<\/p>\n<p><span class=\"c2\"><strong><span class=\"c2\"><strong>\u2022<\/strong><\/span> Ministre de l\u2019Agriculture, de la P\u00eache et des Ressources hydrauliques\u00a0:\u00a0<\/strong><\/span>Oussama Kheriji\u2028<\/p>\n<p><span class=\"c2\"><strong><span class=\"c2\"><strong>\u2022<\/strong><\/span> Ministre des Affaires religieuses\u00a0:\u00a0<\/strong><\/span><a href=\"https:\/\/www.leaders.com.tn\/article\/13001-ahmed-adhoum\" target=\"_blank\" rel=\"noopener noreferrer\">Ahmed Adhoum<\/a>\u2028<\/p>\n<p><span class=\"c2\"><strong><span class=\"c2\"><strong>\u2022<\/strong><\/span> Ministre des Affaires locales :<\/strong><\/span> Lotfi Zitoun<\/p>\n<p><span class=\"c2\"><strong><span class=\"c2\"><strong>\u2022<\/strong><\/span> Ministre de l\u2019Environnement :<\/strong><\/span>\u00a0Chokri Ben Hassan\u2028<\/p>\n<p><span class=\"c2\"><strong><span class=\"c2\"><strong>\u2022<\/strong><\/span> Ministre aupr\u00e8s du chef du gouvernement charg\u00e9e des Grands projets\u00a0:<\/strong><\/span> <a href=\"https:\/\/www.leaders.com.tn\/article\/28596-lobna-jeribi\" target=\"_blank\" rel=\"noopener noreferrer\">Lobna Jeribi<\/a><\/p>\n<p><span class=\"c2\"><strong><span class=\"c2\"><strong>\u2022<\/strong><\/span> Ministre aupr\u00e8s du chef du gouvernement en charge des relations avec le Parlement\u00a0:<\/strong><\/span>\u00a0Ali Hafsi\u2028<\/p>\n<p><span class=\"c2\"><strong><span class=\"c2\"><strong>\u2022<\/strong><\/span> Secr\u00e9taire d\u2019Etat aupr\u00e8s du ministre des Affaires \u00e9trang\u00e8res\u00a0:<\/strong><\/span>\u00a0<a href=\"https:\/\/www.leaders.com.tn\/article\/29170-qui-est-selma-ennaifer-pressentie-secretaire-d-etat-aux-affaires-etrangeres\" target=\"_blank\" rel=\"noopener noreferrer\">Salma Ennaifer<\/a><\/p>\n<p><span class=\"c2\"><strong><span class=\"c2\"><strong>\u2022<\/strong><\/span> Secr\u00e9taire d\u2019Etat aupr\u00e8s du ministre de l\u2019Agriculture charg\u00e9e des Ressources hydrauliques\u00a0:<\/strong><\/span>\u00a0<a href=\"https:\/\/www.leaders.com.tn\/article\/29139-qui-est-akissa-bahri-nommee-secretaire-d-etat-aux-ressources-hydrauliques\" target=\"_blank\" rel=\"noopener noreferrer\">Akessa Bahri\u2028<\/a><\/p>\n<p>Auteur:<br \/>\n<a href=\"https:\/\/www.leaders.com.tn\/article\/29191-fakhfakh-boucle-finalement-son-gouvernement-de-concessions-la-liste-complete\">Cliquez ici pour lire l&rsquo;article depuis sa source.<\/a><\/p>\n","protected":false},"excerpt":{"rendered":"<p>Investiture ou dissolution du parlement: les partis politiques ont fini par plier devant l\u2019oukase sans appel du pr\u00e9sident Kais Saied. Ely\u00e8s Fakhfakh peut souffler ce mercredi soir, un grand ouf, en bouclant finalement au forceps son casting, maintes fois remani\u00e9. Remettant juste \u00e0 quelques heures seulement de l\u2019\u00e9ch\u00e9ance butoir de minuit, au chef de l\u2019Etat [&hellip;]<\/p>\n","protected":false},"author":1772,"featured_media":0,"comment_status":"closed","ping_status":"closed","sticky":false,"template":"","format":"standard","meta":{"fifu_image_url":"","fifu_image_alt":"","footnotes":""},"categories":[73,55],"tags":[],"class_list":["post-76579","post","type-post","status-publish","format-standard","hentry","category-actualite","category-tunisie"],"_links":{"self":[{"href":"https:\/\/linitiative.ca\/International\/wp-json\/wp\/v2\/posts\/76579","targetHints":{"allow":["GET"]}}],"collection":[{"href":"https:\/\/linitiative.ca\/International\/wp-json\/wp\/v2\/posts"}],"about":[{"href":"https:\/\/linitiative.ca\/International\/wp-json\/wp\/v2\/types\/post"}],"author":[{"embeddable":true,"href":"https:\/\/linitiative.ca\/International\/wp-json\/wp\/v2\/users\/1772"}],"replies":[{"embeddable":true,"href":"https:\/\/linitiative.ca\/International\/wp-json\/wp\/v2\/comments?post=76579"}],"version-history":[{"count":0,"href":"https:\/\/linitiative.ca\/International\/wp-json\/wp\/v2\/posts\/76579\/revisions"}],"wp:attachment":[{"href":"https:\/\/linitiative.ca\/International\/wp-json\/wp\/v2\/media?parent=76579"}],"wp:term":[{"taxonomy":"category","embeddable":true,"href":"https:\/\/linitiative.ca\/International\/wp-json\/wp\/v2\/categories?post=76579"},{"taxonomy":"post_tag","embeddable":true,"href":"https:\/\/linitiative.ca\/International\/wp-json\/wp\/v2\/tags?post=76579"}],"curies":[{"name":"wp","href":"https:\/\/api.w.org\/{rel}","templated":true}]}}