{"id":76580,"date":"2020-02-19T05:00:00","date_gmt":"2020-02-19T10:00:00","guid":{"rendered":"https:\/\/linitiative.ca\/International\/les-autorites-locales-ratent-la-celebration-de-la-fete-du-chahid\/"},"modified":"2020-02-19T05:00:00","modified_gmt":"2020-02-19T10:00:00","slug":"les-autorites-locales-ratent-la-celebration-de-la-fete-du-chahid","status":"publish","type":"post","link":"https:\/\/linitiative.ca\/International\/les-autorites-locales-ratent-la-celebration-de-la-fete-du-chahid\/","title":{"rendered":"Les autorit\u00e9s locales ratent la c\u00e9l\u00e9bration de la f\u00eate du Chahid"},"content":{"rendered":"<p>Contre toute attente, les autorit\u00e9s locales ont rat\u00e9, hier lundi, la c\u00e9l\u00e9bration de la Journ\u00e9e nationale du martyr qui co\u00efncide avec le 18 f\u00e9vrier de chaque ann\u00e9e.<br \/>En effet, cette omission controvers\u00e9e, survenue au moment o\u00f9 le nouveau wali Kelkel Abdelkader \u00e9tait \u00e0 Alger, a suscit\u00e9 la grogne des membres de la famille r\u00e9volutionnaire et des responsables locaux.<br \/>B. M. C.<\/p>\n<p>Auteur:<br \/>\n<a href=\"https:\/\/www.lesoirdalgerie.com\/regions\/les-autorites-locales-ratent-la-celebration-de-la-fete-du-chahid-38916\">Cliquez ici pour lire l&rsquo;article depuis sa source.<\/a><\/p>\n","protected":false},"excerpt":{"rendered":"<p>Contre toute attente, les autorit\u00e9s locales ont rat\u00e9, hier lundi, la c\u00e9l\u00e9bration de la Journ\u00e9e nationale du martyr qui co\u00efncide avec le 18 f\u00e9vrier de chaque ann\u00e9e.En effet, cette omission controvers\u00e9e, survenue au moment o\u00f9 le nouveau wali Kelkel Abdelkader \u00e9tait \u00e0 Alger, a suscit\u00e9 la grogne des membres de la famille r\u00e9volutionnaire et des [&hellip;]<\/p>\n","protected":false},"author":1741,"featured_media":0,"comment_status":"closed","ping_status":"closed","sticky":false,"template":"","format":"standard","meta":{"fifu_image_url":"","fifu_image_alt":"","footnotes":""},"categories":[73,53],"tags":[],"class_list":["post-76580","post","type-post","status-publish","format-standard","hentry","category-actualite","category-algerie"],"_links":{"self":[{"href":"https:\/\/linitiative.ca\/International\/wp-json\/wp\/v2\/posts\/76580","targetHints":{"allow":["GET"]}}],"collection":[{"href":"https:\/\/linitiative.ca\/International\/wp-json\/wp\/v2\/posts"}],"about":[{"href":"https:\/\/linitiative.ca\/International\/wp-json\/wp\/v2\/types\/post"}],"author":[{"embeddable":true,"href":"https:\/\/linitiative.ca\/International\/wp-json\/wp\/v2\/users\/1741"}],"replies":[{"embeddable":true,"href":"https:\/\/linitiative.ca\/International\/wp-json\/wp\/v2\/comments?post=76580"}],"version-history":[{"count":0,"href":"https:\/\/linitiative.ca\/International\/wp-json\/wp\/v2\/posts\/76580\/revisions"}],"wp:attachment":[{"href":"https:\/\/linitiative.ca\/International\/wp-json\/wp\/v2\/media?parent=76580"}],"wp:term":[{"taxonomy":"category","embeddable":true,"href":"https:\/\/linitiative.ca\/International\/wp-json\/wp\/v2\/categories?post=76580"},{"taxonomy":"post_tag","embeddable":true,"href":"https:\/\/linitiative.ca\/International\/wp-json\/wp\/v2\/tags?post=76580"}],"curies":[{"name":"wp","href":"https:\/\/api.w.org\/{rel}","templated":true}]}}