{"id":76584,"date":"2020-02-19T05:00:00","date_gmt":"2020-02-19T10:00:00","guid":{"rendered":"https:\/\/linitiative.ca\/International\/le-deni-dune-obligation-contractuelle\/"},"modified":"2020-02-19T05:00:00","modified_gmt":"2020-02-19T10:00:00","slug":"le-deni-dune-obligation-contractuelle","status":"publish","type":"post","link":"https:\/\/linitiative.ca\/International\/le-deni-dune-obligation-contractuelle\/","title":{"rendered":"Le d\u00e9ni d\u2019une obligation contractuelle"},"content":{"rendered":"<p>Apr\u00e8s une attente \u00e9prouvante qui a dur\u00e9 plus de 6 heures \u00e0 l\u2019a\u00e9roport de Paris-Orly, les passagers du vol AH1005 de lundi dernier, retard\u00e9 en raison de la gr\u00e8ve surprise du personnel commercial navigant de la compagnie nationale, ont \u00e9t\u00e9 surpris de se voir refuser la fameuse attestation de retard devant \u00eatre l\u00e9galement fournie par les services d\u2019Air Alg\u00e9rie en France pour leur permettre de faire valoir leur droit \u00e0 une indemnisation.\u00a0<br \/>L\u2019explication, pour le moins fantaisiste, avanc\u00e9e par les pr\u00e9pos\u00e9s \u00e0 l\u2019embarquement, \u00e9tait que le document en question \u00ab n\u2019a pas \u00e9t\u00e9 imprim\u00e9 en quantit\u00e9 suffisante \u00bb. Et m\u00eame si la disponibilit\u00e9 du personnel de l\u2019escale parisienne et la prise en charge des passagers durant cet apr\u00e8s-midi de suspens \u00e9taient satisfaisantes, cela ne saurait justifier ce manquement \u00e0 une obligation contractuelle.<\/p>\n<p>Auteur:<br \/>\n<a href=\"https:\/\/www.lesoirdalgerie.com\/periscoop\/le-deni-dune-obligation-contractuelle-38912\">Cliquez ici pour lire l&rsquo;article depuis sa source.<\/a><\/p>\n","protected":false},"excerpt":{"rendered":"<p>Apr\u00e8s une attente \u00e9prouvante qui a dur\u00e9 plus de 6 heures \u00e0 l\u2019a\u00e9roport de Paris-Orly, les passagers du vol AH1005 de lundi dernier, retard\u00e9 en raison de la gr\u00e8ve surprise du personnel commercial navigant de la compagnie nationale, ont \u00e9t\u00e9 surpris de se voir refuser la fameuse attestation de retard devant \u00eatre l\u00e9galement fournie par [&hellip;]<\/p>\n","protected":false},"author":1741,"featured_media":0,"comment_status":"closed","ping_status":"closed","sticky":false,"template":"","format":"standard","meta":{"fifu_image_url":"","fifu_image_alt":"","footnotes":""},"categories":[73,53],"tags":[],"class_list":["post-76584","post","type-post","status-publish","format-standard","hentry","category-actualite","category-algerie"],"_links":{"self":[{"href":"https:\/\/linitiative.ca\/International\/wp-json\/wp\/v2\/posts\/76584","targetHints":{"allow":["GET"]}}],"collection":[{"href":"https:\/\/linitiative.ca\/International\/wp-json\/wp\/v2\/posts"}],"about":[{"href":"https:\/\/linitiative.ca\/International\/wp-json\/wp\/v2\/types\/post"}],"author":[{"embeddable":true,"href":"https:\/\/linitiative.ca\/International\/wp-json\/wp\/v2\/users\/1741"}],"replies":[{"embeddable":true,"href":"https:\/\/linitiative.ca\/International\/wp-json\/wp\/v2\/comments?post=76584"}],"version-history":[{"count":0,"href":"https:\/\/linitiative.ca\/International\/wp-json\/wp\/v2\/posts\/76584\/revisions"}],"wp:attachment":[{"href":"https:\/\/linitiative.ca\/International\/wp-json\/wp\/v2\/media?parent=76584"}],"wp:term":[{"taxonomy":"category","embeddable":true,"href":"https:\/\/linitiative.ca\/International\/wp-json\/wp\/v2\/categories?post=76584"},{"taxonomy":"post_tag","embeddable":true,"href":"https:\/\/linitiative.ca\/International\/wp-json\/wp\/v2\/tags?post=76584"}],"curies":[{"name":"wp","href":"https:\/\/api.w.org\/{rel}","templated":true}]}}