{"id":76587,"date":"2020-02-19T13:27:24","date_gmt":"2020-02-19T18:27:24","guid":{"rendered":"https:\/\/linitiative.ca\/International\/tunisie-fakhfekh-va-presenter-sous-peu-sa-formation-gouvernementale\/"},"modified":"2020-02-19T13:27:24","modified_gmt":"2020-02-19T18:27:24","slug":"tunisie-fakhfekh-va-presenter-sous-peu-sa-formation-gouvernementale","status":"publish","type":"post","link":"https:\/\/linitiative.ca\/International\/tunisie-fakhfekh-va-presenter-sous-peu-sa-formation-gouvernementale\/","title":{"rendered":"Tunisie  \u2013 Fakhfekh va pr\u00e9senter sous peu sa formation gouvernementale"},"content":{"rendered":"<div class=\"post-cont-in left relative\">\n<p>Le chef du gouvernement Elyes Fakhfekh,vient de quitter le palais de Carthage o\u00f9 il s\u2019est longuement entretenu avec le pr\u00e9sident <a href=\"https:\/\/www.tunisienumerique.com\/tunisie-actualite\/kais-saied\/\" title=\"Ka\u00efs Sa\u00efed\" target=\"_top\" class=\"auto-link\" rel=\"noopener noreferrer\">Ka\u00efs Sa\u00efed<\/a>.<\/p>\n<div class=\"code-block code-block-1 c3\"><ins class=\"adsbygoogle c2\" data-ad-layout=\"in-article\" data-ad-format=\"fluid\" data-ad-client=\"ca-pub-2102118777505746\" data-ad-slot=\"7301775417\"\/> <\/div>\n<p>De retour \u00e0 Dar Dhiafa, Fakhfekh a annonc\u00e9 qu\u2019il\u00a0allait pr\u00e9senter incessamment, la formation de son gouvernement.<\/p>\n<p>A noter que Fakhfekh s\u2019est entretenu, cet apr\u00e8s midi, avec le Cheikh <a href=\"https:\/\/www.tunisienumerique.com\/tunisie-actualite\/rached-ghannouchi\/\" title=\"Rached Ghannouchi\" target=\"_top\" class=\"auto-link\" rel=\"noopener noreferrer\">Rached Ghannouchi<\/a>, puis avec <a href=\"https:\/\/www.tunisienumerique.com\/tunisie-actualite\/mohamed-abbou\/\" title=\"Mohamed Abbou\" target=\"_top\" class=\"auto-link\" rel=\"noopener noreferrer\">Mohamed Abbou<\/a> et Zouhair Maghzaoui. Ces r\u00e9union ayant eu lieu, en dehors de Dar Dhiafa.<\/p>\n<div class=\"swp_social_panel swp_horizontal_panel swp_flat_fresh swp_default_full_color swp_individual_full_color swp_other_full_color scale-100 scale-\" data-min-width=\"1100\" data-float-color=\"#ffffff\" data-float=\"bottom\" data-float-mobile=\"bottom\" data-transition=\"slide\">\n<div class=\"nc_tweetContainer swp_share_button total_shares total_sharesalt\"><span class=\"swp_count\">16 <span class=\"swp_label\">Partages<\/span><\/span><\/div>\n<\/div>\n<p><strong>Que se passe-t-il en Tunisie?<\/strong><br \/>Nous expliquons sur notre <a href=\"https:\/\/www.youtube.com\/channel\/UCRzypVq0B_yBad5eGrwBx0Q?sub_confirmation=1\" target=\"_blank\" rel=\"noopener noreferrer\">cha\u00eene YouTube<\/a> . <a href=\"https:\/\/www.youtube.com\/channel\/UCRzypVq0B_yBad5eGrwBx0Q?sub_confirmation=1\" target=\"_blank\" rel=\"noopener noreferrer\">Abonnez-vous!<\/a><\/p>\n<div class=\"mvp-org-wrap mvp-org-logo\" itemprop=\"publisher\" itemscope=\"\" itemtype=\"https:\/\/schema.org\/Organization\"><img decoding=\"async\" src=\"https:\/\/www.tunisienumerique.com\/wp-content\/uploads\/2017\/02\/logo_tunisie_numerique.png\"\/><\/div>\n<div class=\"post-tags\"><span class=\"post-tags-header\">Sujets Connexes:<\/span><\/div>\n<\/div>\n<p>Auteur: LM<br \/>\n<a href=\"https:\/\/www.tunisienumerique.com\/tunisie-fakhfakh-va-presenter-sous-peu-sa-formation-gouvernementale\/\">Cliquez ici pour lire l&rsquo;article depuis sa source.<\/a><\/p>\n","protected":false},"excerpt":{"rendered":"<p>Le chef du gouvernement Elyes Fakhfekh,vient de quitter le palais de Carthage o\u00f9 il s\u2019est longuement entretenu avec le pr\u00e9sident Ka\u00efs Sa\u00efed. De retour \u00e0 Dar Dhiafa, Fakhfekh a annonc\u00e9 qu\u2019il\u00a0allait pr\u00e9senter incessamment, la formation de son gouvernement. A noter que Fakhfekh s\u2019est entretenu, cet apr\u00e8s midi, avec le Cheikh Rached Ghannouchi, puis avec Mohamed [&hellip;]<\/p>\n","protected":false},"author":1789,"featured_media":76588,"comment_status":"closed","ping_status":"closed","sticky":false,"template":"","format":"standard","meta":{"fifu_image_url":"","fifu_image_alt":"","footnotes":""},"categories":[73,55],"tags":[],"class_list":["post-76587","post","type-post","status-publish","format-standard","has-post-thumbnail","hentry","category-actualite","category-tunisie"],"_links":{"self":[{"href":"https:\/\/linitiative.ca\/International\/wp-json\/wp\/v2\/posts\/76587","targetHints":{"allow":["GET"]}}],"collection":[{"href":"https:\/\/linitiative.ca\/International\/wp-json\/wp\/v2\/posts"}],"about":[{"href":"https:\/\/linitiative.ca\/International\/wp-json\/wp\/v2\/types\/post"}],"author":[{"embeddable":true,"href":"https:\/\/linitiative.ca\/International\/wp-json\/wp\/v2\/users\/1789"}],"replies":[{"embeddable":true,"href":"https:\/\/linitiative.ca\/International\/wp-json\/wp\/v2\/comments?post=76587"}],"version-history":[{"count":0,"href":"https:\/\/linitiative.ca\/International\/wp-json\/wp\/v2\/posts\/76587\/revisions"}],"wp:featuredmedia":[{"embeddable":true,"href":"https:\/\/linitiative.ca\/International\/wp-json\/"}],"wp:attachment":[{"href":"https:\/\/linitiative.ca\/International\/wp-json\/wp\/v2\/media?parent=76587"}],"wp:term":[{"taxonomy":"category","embeddable":true,"href":"https:\/\/linitiative.ca\/International\/wp-json\/wp\/v2\/categories?post=76587"},{"taxonomy":"post_tag","embeddable":true,"href":"https:\/\/linitiative.ca\/International\/wp-json\/wp\/v2\/tags?post=76587"}],"curies":[{"name":"wp","href":"https:\/\/api.w.org\/{rel}","templated":true}]}}