{"id":76589,"date":"2020-02-19T16:00:16","date_gmt":"2020-02-19T21:00:16","guid":{"rendered":"https:\/\/linitiative.ca\/International\/tunisie-derniere-minute-la-formation-definitive-du-gouvernement-fakhfakh\/"},"modified":"2020-02-19T16:00:16","modified_gmt":"2020-02-19T21:00:16","slug":"tunisie-derniere-minute-la-formation-definitive-du-gouvernement-fakhfakh","status":"publish","type":"post","link":"https:\/\/linitiative.ca\/International\/tunisie-derniere-minute-la-formation-definitive-du-gouvernement-fakhfakh\/","title":{"rendered":"Tunisie  \u2013 DERNIERE MINUTE : La formation d\u00e9finitive du gouvernement Fakhfakh"},"content":{"rendered":"<div class=\"post-cont-in left relative\">\n<p>Le chef du gouvernement, Elyes Fkhfakh, vient d\u2019annoncer la liste d\u00e9finitive de son cabinet. Et ce, apr\u00e8s y avoir op\u00e9r\u00e9 quelques modifications, avec la r\u00e9int\u00e9gration de Lobna Jeribi.<\/p>\n<div class=\"code-block code-block-1 c3\"><ins class=\"adsbygoogle c2\" data-ad-layout=\"in-article\" data-ad-format=\"fluid\" data-ad-client=\"ca-pub-2102118777505746\" data-ad-slot=\"7301775417\"\/> <\/div>\n<ol>\n<li>Ministre de la Justice\u00a0: Thouraya Jeribi (ind\u00e9pendant)<\/li>\n<li>Ministre de l\u2019Int\u00e9rieur\u00a0: Hichem Mechichi (ind\u00e9pendant)<\/li>\n<li>Ministre des Affaires. Etrang\u00e8res\u00a0: Noureddine Erray (ind\u00e9pendant)<\/li>\n<li>Ministre de la D\u00e9fense\u00a0: Imed Hazgui (ind\u00e9pendant)<\/li>\n<li>Ministre des Finances\u00a0: Nizar Ya\u00efch (ind\u00e9pendant)<\/li>\n<li>Ministre des Domaines de l\u2019Etat\u00a0: Ghazi Chaouachi (Tayar)<\/li>\n<li>Ministre du D\u00e9veloppement, de l\u2019investissement et de la coop\u00e9ration\u00a0: Slim Azzabi (Tahya Tounes)<\/li>\n<li>Minist\u00e8re des Grandes r\u00e9formes\u00a0: Lobna Jeribi (Ind\u00e9pendant)<\/li>\n<li>Ministre de la Formation professionnelle et l\u2019emploi\u00a0: Fathi Belhaj (Echaab)<\/li>\n<li>Ministre des Affaires sociales\u00a0: Habib Kchaou (ind\u00e9pendant)<\/li>\n<li>Ministre d\u2019Etat des Transports et de la logistique\u00a0: Anouar Maarouf (<a href=\"https:\/\/www.tunisienumerique.com\/tunisie-actualite\/ennahdha\/\" title=\"Ennahdha\" target=\"_top\" class=\"auto-link\" rel=\"noopener noreferrer\">Ennahdha<\/a>)<\/li>\n<li>Ministre des Collectivit\u00e9s locales\u00a0: Lotfi Zitoun (Ennahdha)<\/li>\n<li>Ministre de l\u2019Agriculture\u00a0: Oussama Kheriji (Ennahdha)<\/li>\n<li>Ministre de l\u2019Industrie\u00a0: Salah Ben Youssef (ind\u00e9pendant)<\/li>\n<li>Ministre de l\u2019Energie et des mines\u00a0: Mongi Marzouk (ind\u00e9pendant)<\/li>\n<li>Ministre du Tourisme\u00a0: Mohamed Ali Toumi (Al Badil)<\/li>\n<li>Ministre du Commerce\u00a0: Mohamed Mesilini (Echaab)<\/li>\n<li>Ministre de l\u2019Environnement\u00a0: Chokri Ben Hassen (Tahya Tounes)<\/li>\n<li>Ministre des Technologies\u00a0: Mohamed Fadhel Kra\u00efem (ind\u00e9pendant)<\/li>\n<li>Ministre de l\u2019\u00e9quipement\u00a0: Moncef Selliti (Ennahdha)<\/li>\n<li>Ministre des Affaires religieuses\u00a0: Ahmed Adhoum (ind\u00e9pendant)<\/li>\n<li>Ministre de la femme\u00a0: Asma Shiri (ind\u00e9pendant)<\/li>\n<li>Ministre de la Sant\u00e9\u00a0: Abdellatif Makki (Ennahdha)<\/li>\n<li>Ministre de l\u2019Enseignement sup\u00e9rieur\u00a0: Slim choura (Ennahdha)<\/li>\n<li>Ministre de l\u2019Education\u00a0: Mohamed Hamdi (Tayar)<\/li>\n<li>Ministre de la Culture\u00a0: Chiraz La\u00e2tiri (ind\u00e9pendant)<\/li>\n<li>Ministre de la Jeunesse et des sports\u00a0: Ahmed Ga\u00e2loul (Ennahdha)<\/li>\n<li>Ministre d\u2019Etat de la R\u00e9forme administrative\u00a0: <a href=\"https:\/\/www.tunisienumerique.com\/tunisie-actualite\/mohamed-abbou\/\" title=\"Mohamed Abbou\" target=\"_top\" class=\"auto-link\" rel=\"noopener noreferrer\">Mohamed Abbou<\/a> (Tayar)<\/li>\n<li>Ministre des Droits de l\u2019homme\u00a0: Ayachi Hammami (ind\u00e9pendant)<\/li>\n<li>Ministre de la Relation avec le parlement\u00a0: Ali Hafsi (Nidaa Tounes)<\/li>\n<li>Secr\u00e9taire d\u2019Etat aux Affaires \u00e9trang\u00e8res\u00a0: Salma Naifer (ind\u00e9pendant)<\/li>\n<li>Secr\u00e9taire d\u2019Etat \u00e0 l\u2019Agriculture\u00a0: Akissa Bahri (ind\u00e9pendant)<\/li>\n<\/ol>\n<div class=\"swp_social_panel swp_horizontal_panel swp_flat_fresh swp_default_full_color swp_individual_full_color swp_other_full_color scale-100 scale-\" data-min-width=\"1100\" data-float-color=\"#ffffff\" data-float=\"bottom\" data-float-mobile=\"bottom\" data-transition=\"slide\">\n<div class=\"nc_tweetContainer swp_share_button total_shares total_sharesalt\"><span class=\"swp_count\">75 <span class=\"swp_label\">Partages<\/span><\/span><\/div>\n<\/div>\n<p><strong>Que se passe-t-il en Tunisie?<\/strong><br \/>Nous expliquons sur notre <a href=\"https:\/\/www.youtube.com\/channel\/UCRzypVq0B_yBad5eGrwBx0Q?sub_confirmation=1\" target=\"_blank\" rel=\"noopener noreferrer\">cha\u00eene YouTube<\/a> . <a href=\"https:\/\/www.youtube.com\/channel\/UCRzypVq0B_yBad5eGrwBx0Q?sub_confirmation=1\" target=\"_blank\" rel=\"noopener noreferrer\">Abonnez-vous!<\/a><\/p>\n<div class=\"mvp-org-wrap mvp-org-logo\" itemprop=\"publisher\" itemscope=\"\" itemtype=\"https:\/\/schema.org\/Organization\"><img decoding=\"async\" src=\"https:\/\/www.tunisienumerique.com\/wp-content\/uploads\/2017\/02\/logo_tunisie_numerique.png\"\/><\/div>\n<div class=\"mvp-related-posts left relative\">\n<h4 class=\"post-header\"><span class=\"post-header\">Lire aussi<\/span><\/h4>\n<\/div>\n<\/div>\n<p>Auteur: LM<br \/>\n<a href=\"https:\/\/www.tunisienumerique.com\/tunisie-derniere-minute-la-formation-definitive-du-gouvernement-fakhfakh\/\">Cliquez ici pour lire l&rsquo;article depuis sa source.<\/a><\/p>\n","protected":false},"excerpt":{"rendered":"<p>Le chef du gouvernement, Elyes Fkhfakh, vient d\u2019annoncer la liste d\u00e9finitive de son cabinet. Et ce, apr\u00e8s y avoir op\u00e9r\u00e9 quelques modifications, avec la r\u00e9int\u00e9gration de Lobna Jeribi. Ministre de la Justice\u00a0: Thouraya Jeribi (ind\u00e9pendant) Ministre de l\u2019Int\u00e9rieur\u00a0: Hichem Mechichi (ind\u00e9pendant) Ministre des Affaires. Etrang\u00e8res\u00a0: Noureddine Erray (ind\u00e9pendant) Ministre de la D\u00e9fense\u00a0: Imed Hazgui (ind\u00e9pendant) [&hellip;]<\/p>\n","protected":false},"author":1789,"featured_media":76590,"comment_status":"closed","ping_status":"closed","sticky":false,"template":"","format":"standard","meta":{"fifu_image_url":"","fifu_image_alt":"","footnotes":""},"categories":[73,55],"tags":[],"class_list":["post-76589","post","type-post","status-publish","format-standard","has-post-thumbnail","hentry","category-actualite","category-tunisie"],"_links":{"self":[{"href":"https:\/\/linitiative.ca\/International\/wp-json\/wp\/v2\/posts\/76589","targetHints":{"allow":["GET"]}}],"collection":[{"href":"https:\/\/linitiative.ca\/International\/wp-json\/wp\/v2\/posts"}],"about":[{"href":"https:\/\/linitiative.ca\/International\/wp-json\/wp\/v2\/types\/post"}],"author":[{"embeddable":true,"href":"https:\/\/linitiative.ca\/International\/wp-json\/wp\/v2\/users\/1789"}],"replies":[{"embeddable":true,"href":"https:\/\/linitiative.ca\/International\/wp-json\/wp\/v2\/comments?post=76589"}],"version-history":[{"count":0,"href":"https:\/\/linitiative.ca\/International\/wp-json\/wp\/v2\/posts\/76589\/revisions"}],"wp:featuredmedia":[{"embeddable":true,"href":"https:\/\/linitiative.ca\/International\/wp-json\/"}],"wp:attachment":[{"href":"https:\/\/linitiative.ca\/International\/wp-json\/wp\/v2\/media?parent=76589"}],"wp:term":[{"taxonomy":"category","embeddable":true,"href":"https:\/\/linitiative.ca\/International\/wp-json\/wp\/v2\/categories?post=76589"},{"taxonomy":"post_tag","embeddable":true,"href":"https:\/\/linitiative.ca\/International\/wp-json\/wp\/v2\/tags?post=76589"}],"curies":[{"name":"wp","href":"https:\/\/api.w.org\/{rel}","templated":true}]}}