{"id":76591,"date":"2020-02-19T16:19:56","date_gmt":"2020-02-19T21:19:56","guid":{"rendered":"https:\/\/linitiative.ca\/International\/tunisie-hergla-trois-morts-et-deux-blesses-dans-deux-accidents-de-la-route-au-meme-endroit\/"},"modified":"2020-02-19T16:19:56","modified_gmt":"2020-02-19T21:19:56","slug":"tunisie-hergla-trois-morts-et-deux-blesses-dans-deux-accidents-de-la-route-au-meme-endroit","status":"publish","type":"post","link":"https:\/\/linitiative.ca\/International\/tunisie-hergla-trois-morts-et-deux-blesses-dans-deux-accidents-de-la-route-au-meme-endroit\/","title":{"rendered":"Tunisie \u2013 Hergla : Trois morts et deux bless\u00e9s dans deux accidents de la route au m\u00eame endroit"},"content":{"rendered":"<div class=\"post-cont-in left relative\">\n<p>Deux accidents de la route se sont succ\u00e9d\u00e9s, ce soir, dans la r\u00e9gion de Hergla, dans le gouvernorat de Sousse.<\/p>\n<div class=\"code-block code-block-1 c3\"><ins class=\"adsbygoogle c2\" data-ad-layout=\"in-article\" data-ad-format=\"fluid\" data-ad-client=\"ca-pub-2102118777505746\" data-ad-slot=\"7301775417\"\/> <\/div>\n<p>Lors du premier accident, une voiture \u00e0 embouti un enfant \u00e0 v\u00e9lo, le tuant sur le coup. Apr\u00e8s avoir transport\u00e9 la victime \u00e0 l\u2019h\u00f4pital, les agents de la police sont arriv\u00e9s sur les lieux, pour faire les constatations d\u2019usage. C\u2019est alors qu\u2019un camion roulant \u00e0 vive allure, leur a fonc\u00e9 dessus. Ce deuxi\u00e8me accident occasionna le d\u00e9c\u00e8s de deux personnes sur le coup dont le Omda de Hergla, et la blessure de deux autres.<\/p>\n<div class=\"swp_social_panel swp_horizontal_panel swp_flat_fresh swp_default_full_color swp_individual_full_color swp_other_full_color scale-100 scale-\" data-min-width=\"1100\" data-float-color=\"#ffffff\" data-float=\"bottom\" data-float-mobile=\"bottom\" data-transition=\"slide\">\n<div class=\"nc_tweetContainer swp_share_button total_shares total_sharesalt\"><span class=\"swp_count\">5 <span class=\"swp_label\">Partages<\/span><\/span><\/div>\n<\/div>\n<p><strong>Que se passe-t-il en Tunisie?<\/strong><br \/>Nous expliquons sur notre <a href=\"https:\/\/www.youtube.com\/channel\/UCRzypVq0B_yBad5eGrwBx0Q?sub_confirmation=1\" target=\"_blank\" rel=\"noopener noreferrer\">cha\u00eene YouTube<\/a> . <a href=\"https:\/\/www.youtube.com\/channel\/UCRzypVq0B_yBad5eGrwBx0Q?sub_confirmation=1\" target=\"_blank\" rel=\"noopener noreferrer\">Abonnez-vous!<\/a><\/p>\n<div class=\"mvp-org-wrap mvp-org-logo\" itemprop=\"publisher\" itemscope=\"\" itemtype=\"https:\/\/schema.org\/Organization\"><img decoding=\"async\" src=\"https:\/\/www.tunisienumerique.com\/wp-content\/uploads\/2017\/02\/logo_tunisie_numerique.png\"\/><\/div>\n<div class=\"mvp-related-posts left relative\">\n<h4 class=\"post-header\"><span class=\"post-header\">Lire aussi<\/span><\/h4>\n<\/div>\n<\/div>\n<p>Auteur: LM<br \/>\n<a href=\"https:\/\/www.tunisienumerique.com\/tunisie-hergla-trois-morts-et-deux-blesses-dans-deux-accidents-de-la-route-au-meme-endroit\/\">Cliquez ici pour lire l&rsquo;article depuis sa source.<\/a><\/p>\n","protected":false},"excerpt":{"rendered":"<p>Deux accidents de la route se sont succ\u00e9d\u00e9s, ce soir, dans la r\u00e9gion de Hergla, dans le gouvernorat de Sousse. Lors du premier accident, une voiture \u00e0 embouti un enfant \u00e0 v\u00e9lo, le tuant sur le coup. Apr\u00e8s avoir transport\u00e9 la victime \u00e0 l\u2019h\u00f4pital, les agents de la police sont arriv\u00e9s sur les lieux, pour [&hellip;]<\/p>\n","protected":false},"author":1789,"featured_media":76592,"comment_status":"closed","ping_status":"closed","sticky":false,"template":"","format":"standard","meta":{"fifu_image_url":"","fifu_image_alt":"","footnotes":""},"categories":[73,55],"tags":[],"class_list":["post-76591","post","type-post","status-publish","format-standard","has-post-thumbnail","hentry","category-actualite","category-tunisie"],"_links":{"self":[{"href":"https:\/\/linitiative.ca\/International\/wp-json\/wp\/v2\/posts\/76591","targetHints":{"allow":["GET"]}}],"collection":[{"href":"https:\/\/linitiative.ca\/International\/wp-json\/wp\/v2\/posts"}],"about":[{"href":"https:\/\/linitiative.ca\/International\/wp-json\/wp\/v2\/types\/post"}],"author":[{"embeddable":true,"href":"https:\/\/linitiative.ca\/International\/wp-json\/wp\/v2\/users\/1789"}],"replies":[{"embeddable":true,"href":"https:\/\/linitiative.ca\/International\/wp-json\/wp\/v2\/comments?post=76591"}],"version-history":[{"count":0,"href":"https:\/\/linitiative.ca\/International\/wp-json\/wp\/v2\/posts\/76591\/revisions"}],"wp:featuredmedia":[{"embeddable":true,"href":"https:\/\/linitiative.ca\/International\/wp-json\/"}],"wp:attachment":[{"href":"https:\/\/linitiative.ca\/International\/wp-json\/wp\/v2\/media?parent=76591"}],"wp:term":[{"taxonomy":"category","embeddable":true,"href":"https:\/\/linitiative.ca\/International\/wp-json\/wp\/v2\/categories?post=76591"},{"taxonomy":"post_tag","embeddable":true,"href":"https:\/\/linitiative.ca\/International\/wp-json\/wp\/v2\/tags?post=76591"}],"curies":[{"name":"wp","href":"https:\/\/api.w.org\/{rel}","templated":true}]}}