{"id":76593,"date":"2020-02-19T16:43:45","date_gmt":"2020-02-19T21:43:45","guid":{"rendered":"https:\/\/linitiative.ca\/International\/tunisie-ennahdha-accorde-sa-confiance-au-gouvernement\/"},"modified":"2020-02-19T16:43:45","modified_gmt":"2020-02-19T21:43:45","slug":"tunisie-ennahdha-accorde-sa-confiance-au-gouvernement","status":"publish","type":"post","link":"https:\/\/linitiative.ca\/International\/tunisie-ennahdha-accorde-sa-confiance-au-gouvernement\/","title":{"rendered":"Tunisie \u2013 Ennahdha accorde sa confiance au gouvernement"},"content":{"rendered":"<div class=\"post-cont-in left relative\">\n<p>Le mouvement islamiste <a href=\"https:\/\/www.tunisienumerique.com\/tunisie-actualite\/ennahdha\/\" title=\"Ennahdha\" target=\"_top\" class=\"auto-link\" rel=\"noopener noreferrer\">Ennahdha<\/a> a annonc\u00e9, il y a quelques minutes, qu\u2019il accordait sa confiance au gouvernement d\u2019Elyes Fakhfekh, dans la composition qu\u2019il vient d\u2019annoncer et qu\u2019il va y participer.<\/p>\n<div class=\"code-block code-block-1 c3\"><ins class=\"adsbygoogle c2\" data-ad-layout=\"in-article\" data-ad-format=\"fluid\" data-ad-client=\"ca-pub-2102118777505746\" data-ad-slot=\"7301775417\"\/> <\/div>\n<p>Le parti se f\u00e9licite des derniers r\u00e9ajustements op\u00e9r\u00e9s par Elyes Fakhfekh, dans le sens de donner plus d\u2019efficacit\u00e9 au gouvernement.<\/p>\n<p>Ennahdha d\u00e9plore, n\u00e9anmoins la nature du gouvernement qui ne consacre pas le principe de l\u2019union nationale. Mais elle annonce qu\u2019elle va accorder sa confiance au regard de la situation critique r\u00e9gionale, notamment avec le conflit libyen et la situation interne socio-\u00e9conomique d\u00e9t\u00e9rior\u00e9e.<\/p>\n<div class=\"swp_social_panel swp_horizontal_panel swp_flat_fresh swp_default_full_color swp_individual_full_color swp_other_full_color scale-100 scale-\" data-min-width=\"1100\" data-float-color=\"#ffffff\" data-float=\"bottom\" data-float-mobile=\"bottom\" data-transition=\"slide\">\n<div class=\"nc_tweetContainer swp_share_button total_shares total_sharesalt\"><span class=\"swp_count\">15 <span class=\"swp_label\">Partages<\/span><\/span><\/div>\n<\/div>\n<p><strong>Que se passe-t-il en Tunisie?<\/strong><br \/>Nous expliquons sur notre <a href=\"https:\/\/www.youtube.com\/channel\/UCRzypVq0B_yBad5eGrwBx0Q?sub_confirmation=1\" target=\"_blank\" rel=\"noopener noreferrer\">cha\u00eene YouTube<\/a> . <a href=\"https:\/\/www.youtube.com\/channel\/UCRzypVq0B_yBad5eGrwBx0Q?sub_confirmation=1\" target=\"_blank\" rel=\"noopener noreferrer\">Abonnez-vous!<\/a><\/p>\n<div class=\"mvp-org-wrap mvp-org-logo\" itemprop=\"publisher\" itemscope=\"\" itemtype=\"https:\/\/schema.org\/Organization\"><img decoding=\"async\" src=\"https:\/\/www.tunisienumerique.com\/wp-content\/uploads\/2017\/02\/logo_tunisie_numerique.png\"\/><\/div>\n<div class=\"mvp-related-posts left relative\">\n<h4 class=\"post-header\"><span class=\"post-header\">Lire aussi<\/span><\/h4>\n<\/div>\n<\/div>\n<p>Auteur: LM<br \/>\n<a href=\"https:\/\/www.tunisienumerique.com\/tunisie-ennahdha-accorde-sa-confiance-au-gouvernement\/\">Cliquez ici pour lire l&rsquo;article depuis sa source.<\/a><\/p>\n","protected":false},"excerpt":{"rendered":"<p>Le mouvement islamiste Ennahdha a annonc\u00e9, il y a quelques minutes, qu\u2019il accordait sa confiance au gouvernement d\u2019Elyes Fakhfekh, dans la composition qu\u2019il vient d\u2019annoncer et qu\u2019il va y participer. Le parti se f\u00e9licite des derniers r\u00e9ajustements op\u00e9r\u00e9s par Elyes Fakhfekh, dans le sens de donner plus d\u2019efficacit\u00e9 au gouvernement. Ennahdha d\u00e9plore, n\u00e9anmoins la nature [&hellip;]<\/p>\n","protected":false},"author":1789,"featured_media":76594,"comment_status":"closed","ping_status":"closed","sticky":false,"template":"","format":"standard","meta":{"fifu_image_url":"","fifu_image_alt":"","footnotes":""},"categories":[73,55],"tags":[],"class_list":["post-76593","post","type-post","status-publish","format-standard","has-post-thumbnail","hentry","category-actualite","category-tunisie"],"_links":{"self":[{"href":"https:\/\/linitiative.ca\/International\/wp-json\/wp\/v2\/posts\/76593","targetHints":{"allow":["GET"]}}],"collection":[{"href":"https:\/\/linitiative.ca\/International\/wp-json\/wp\/v2\/posts"}],"about":[{"href":"https:\/\/linitiative.ca\/International\/wp-json\/wp\/v2\/types\/post"}],"author":[{"embeddable":true,"href":"https:\/\/linitiative.ca\/International\/wp-json\/wp\/v2\/users\/1789"}],"replies":[{"embeddable":true,"href":"https:\/\/linitiative.ca\/International\/wp-json\/wp\/v2\/comments?post=76593"}],"version-history":[{"count":0,"href":"https:\/\/linitiative.ca\/International\/wp-json\/wp\/v2\/posts\/76593\/revisions"}],"wp:featuredmedia":[{"embeddable":true,"href":"https:\/\/linitiative.ca\/International\/wp-json\/"}],"wp:attachment":[{"href":"https:\/\/linitiative.ca\/International\/wp-json\/wp\/v2\/media?parent=76593"}],"wp:term":[{"taxonomy":"category","embeddable":true,"href":"https:\/\/linitiative.ca\/International\/wp-json\/wp\/v2\/categories?post=76593"},{"taxonomy":"post_tag","embeddable":true,"href":"https:\/\/linitiative.ca\/International\/wp-json\/wp\/v2\/tags?post=76593"}],"curies":[{"name":"wp","href":"https:\/\/api.w.org\/{rel}","templated":true}]}}