{"id":76597,"date":"2020-02-19T15:13:24","date_gmt":"2020-02-19T20:13:24","guid":{"rendered":"https:\/\/linitiative.ca\/International\/echec-des-negociations-de-geneve-sur-la-libye\/"},"modified":"2020-02-19T15:13:24","modified_gmt":"2020-02-19T20:13:24","slug":"echec-des-negociations-de-geneve-sur-la-libye","status":"publish","type":"post","link":"https:\/\/linitiative.ca\/International\/echec-des-negociations-de-geneve-sur-la-libye\/","title":{"rendered":"ECHEC DES NEGOCIATIONS DE GENEVE SUR LA LIBYE"},"content":{"rendered":"<div class=\"stream-item stream-item-above-post-content\">\n<p><noscript><\/p>\n<p><a href=\"\/\/www3.smartadserver.com\/ac?jump=1&#038;nwid=2136&#038;siteid=240610&#038;pgname=rg&#038;fmtid=49046&#038;visit=m&#038;tmstp=[timestamp]&#038;out=nonrich\" target=\"_blank\" rel=\"noopener noreferrer\"><img decoding=\"async\" src=\"\/\/www3.smartadserver.com\/ac?out=nonrich&#038;nwid=2136&#038;siteid=240610&#038;pgname=rg&#038;fmtid=49046&#038;visit=m&#038;tmstp=[timestamp]\" border=\"0\" alt=\"\"\/><\/a><\/p>\n<p><\/noscript><\/div>\n<p class=\"c3\"><em>D\u2019o\u00f9 viendra le salut du peuple libyen\u00a0? Bien malin qui saurait r\u00e9pondre \u00e0 cette question, tant de Paris \u00e0 Gen\u00e8ve en passant par Moscou, Berlin, Brazzaville et Munich, les rencontres se multiplient, \u00e0 la recherche d\u2019une hypoth\u00e9tique solution de sortie de crise sans que la situation de bellig\u00e9rance sur le terrain n\u2019\u00e9volue vers un d\u00e9p\u00f4t des armes. Le dernier rebondissement en date est la suspension, le 18 f\u00e9vrier dernier, de la participation aux discussions de la capitale helv\u00e9tique, du Gouvernement d\u2019union nationale bas\u00e9 \u00e0 Tripoli, qui accuse le mar\u00e9chal Haftar, l\u2019homme fort de l\u2019Est, de violation r\u00e9p\u00e9t\u00e9e de la tr\u00eave. En rappel, suite \u00e0 de nombreux appels dont celui de l\u2019ONU, un cessez-le-feu \u00e9tait entr\u00e9 en vigueur en janvier dernier, mais il est peu respect\u00e9 par les parties au conflit. Comment pouvait-il en \u00eatre autrement quand ceux-l\u00e0 qui appellent \u00e0 une accalmie, sont les m\u00eames qui continuent de fournir des armes et des combattants aux bellig\u00e9rants, en violation flagrante de l\u2019embargo qui frappe le pays\u00a0?<\/em><\/p>\n<p class=\"c3\"><em><strong>Moins que la volont\u00e9 des protagonistes, ce sont les int\u00e9r\u00eats en jeu des grandes puissances qui constituent un frein au retour de la paix<\/strong><\/em><\/p>\n<p class=\"c3\"><em>Comment aussi expliquer l\u2019impuissance apparente de l\u2019ONU, incapable de taper fermement du poing sur la table face \u00e0 cette violation de l\u2019embargo si ce n\u2019est que ceux qui y ont le plus voix au chapitre, sont les m\u00eames qui rivalisent d\u2019influence en Libye par bellig\u00e9rants interpos\u00e9s\u00a0? Au passage, on peut se demander ce que vaut aujourd\u2019hui la voix de l\u2019ONU dans ce conflit libyen, quand on voit comment elle peine aussi \u00e0 se faire entendre des bellig\u00e9rants. C\u2019est pourquoi l\u2019on est port\u00e9 \u00e0 croire que tant que perdurera cette hypocrisie des grandes puissances, la paix, en Libye, restera un mirage. Car, tout laisse penser que le cr\u00e9pitement des armes au pays de Kadhafi dont les Occidentaux continuent de porter la mort sur la conscience, arrange bien des affaires. Ce n\u2019est pas pour rien que des Etats-Unis \u00e0 la France en passant, entre autres, par la Russie, chacune des grandes puissances a pris partie pour l\u2019un ou l\u2019autre des camps et que la Turquie de Erdogan a r\u00e9cemment jou\u00e9 des coudes pour se faire une place autour de la table dans le but d\u2019avoir aussi sa part du g\u00e2teau. C\u2019est \u00e0 se demander m\u00eame si l\u2019intrusion d\u2019Ankara n\u2019a pas contribu\u00e9 \u00e0 complexifier davantage l\u2019\u00e9quation et \u00e0 aggraver la situation. En tout cas, il \u00e9tait difficile d\u2019imaginer le mar\u00e9chal Haftar rester les bras crois\u00e9s face \u00e0 l\u2019activisme du ma\u00eetre d\u2019Ankara qui, apr\u00e8s avoir obtenu, en un tour de main, le feu vert de son Parlement pour justifier une intervention en Libye, s\u2019est empress\u00e9 de mat\u00e9rialiser son soutien au Gouvernement de Tripoli par l\u2019envoi de combattants. C\u2019est dire si dans cette crise libyenne, il y a des raisons de croire que moins que la volont\u00e9 des protagonistes, ce sont les int\u00e9r\u00eats en jeu des grandes puissances qui constituent un frein au retour de la paix. Autrement, comment comprendre que face \u00e0 une telle situation d\u2019urgence, qui appelle logiquement \u00e0 une solution d\u2019urgence, on se perde en r\u00e9unions de conciliation qui ne font v\u00e9ritablement pas bouger les lignes\u00a0? Pendant ce temps, des accords sont sign\u00e9s mais le cessez-le-feu est constamment viol\u00e9 par les bellig\u00e9rants et l\u2019embargo n\u2019est pas respect\u00e9 par leurs parrains.<\/em><\/p>\n<p class=\"c3\"><strong><em>On peut regretter que Haftar et Sarraj n\u2019aient pas pu s\u2019asseoir \u00e0 deux autour d\u2019une table pour se parler directement<\/em><\/strong><\/p>\n<p class=\"c3\"><em>C\u2019est dire si dans ce conflit libyen o\u00f9 le manque de sinc\u00e9rit\u00e9 des protagonistes le dispute \u00e0 l\u2019hypocrisie des grandes puissances, l\u2019on est bien parti pour ne pas trouver de solution \u00e0 court ou moyen terme. D\u00e9j\u00e0, on ne parle m\u00eame plus d\u2019\u00e9lections, et cela ne semble g\u00eaner personne. De quoi \u00eatre gagn\u00e9 par le pessimisme quant \u00e0 l\u2019aboutissement d\u2019une solution n\u00e9goci\u00e9e, tant que la situation se traduira par un \u00e9quilibre des forces sur le terrain. Mais \u00e0 qui profite le fait que la Libye soit aujourd\u2019hui dans l\u2019impasse ? Certainement pas au peuple libyen qui souffre le martyre d\u2019une guerre fratricide qui n\u2019en finit pas de se prolonger et de faire des victimes au sein des populations.\u00a0<\/em> <em>En tout \u00e9tat de cause, ce qui arrive n\u2019est pas vraiment surprenant. Mais maintenant que l\u2019une des parties au conflit, en l\u2019occurrence le Gouvernement de Tripoli, a claqu\u00e9 la porte des discussions, l\u2019on peut s\u2019interroger sur les cons\u00e9quences d\u2019une telle d\u00e9fection. Faut-il s\u2019attendre \u00e0 une recrudescence des hostilit\u00e9s sur le terrain ? Que va faire la communaut\u00e9 internationale face \u00e0 la nouvelle donne, pour \u00e9viter l\u2019enlisement, pour autant qu\u2019elle n\u2019agisse pas seulement pour se donner bonne conscience ? L\u2019histoire le dira. En attendant, on peut regretter que le mar\u00e9chal Haftar et le Premier ministre Sarraj-El-Fayez n\u2019aient pas pu, jusqu\u2019ici, s\u2019asseoir \u00e0 deux autour d\u2019une table pour se parler directement. Peut-\u00eatre la solution viendra-t-elle des Libyens eux-m\u00eames !<\/em><\/p>\n<p class=\"c3\"><em><strong>\u00ab\u00a0Le Pays\u00a0\u00bb<\/strong><\/em><\/p>\n<p>Auteur: Le Pays<br \/>\n<a href=\"http:\/\/lepays.bf\/echec-des-negociations-de-geneve-sur-la-libye\/\">Cliquez ici pour lire l&rsquo;article depuis sa source.<\/a><\/p>\n","protected":false},"excerpt":{"rendered":"<p>D\u2019o\u00f9 viendra le salut du peuple libyen\u00a0? Bien malin qui saurait r\u00e9pondre \u00e0 cette question, tant de Paris \u00e0 Gen\u00e8ve en passant par Moscou, Berlin, Brazzaville et Munich, les rencontres se multiplient, \u00e0 la recherche d\u2019une hypoth\u00e9tique solution de sortie de crise sans que la situation de bellig\u00e9rance sur le terrain n\u2019\u00e9volue vers un d\u00e9p\u00f4t [&hellip;]<\/p>\n","protected":false},"author":1813,"featured_media":0,"comment_status":"closed","ping_status":"closed","sticky":false,"template":"","format":"standard","meta":{"fifu_image_url":"","fifu_image_alt":"","footnotes":""},"categories":[73,81],"tags":[],"class_list":["post-76597","post","type-post","status-publish","format-standard","hentry","category-actualite","category-burkina-faso"],"_links":{"self":[{"href":"https:\/\/linitiative.ca\/International\/wp-json\/wp\/v2\/posts\/76597","targetHints":{"allow":["GET"]}}],"collection":[{"href":"https:\/\/linitiative.ca\/International\/wp-json\/wp\/v2\/posts"}],"about":[{"href":"https:\/\/linitiative.ca\/International\/wp-json\/wp\/v2\/types\/post"}],"author":[{"embeddable":true,"href":"https:\/\/linitiative.ca\/International\/wp-json\/wp\/v2\/users\/1813"}],"replies":[{"embeddable":true,"href":"https:\/\/linitiative.ca\/International\/wp-json\/wp\/v2\/comments?post=76597"}],"version-history":[{"count":0,"href":"https:\/\/linitiative.ca\/International\/wp-json\/wp\/v2\/posts\/76597\/revisions"}],"wp:attachment":[{"href":"https:\/\/linitiative.ca\/International\/wp-json\/wp\/v2\/media?parent=76597"}],"wp:term":[{"taxonomy":"category","embeddable":true,"href":"https:\/\/linitiative.ca\/International\/wp-json\/wp\/v2\/categories?post=76597"},{"taxonomy":"post_tag","embeddable":true,"href":"https:\/\/linitiative.ca\/International\/wp-json\/wp\/v2\/tags?post=76597"}],"curies":[{"name":"wp","href":"https:\/\/api.w.org\/{rel}","templated":true}]}}