{"id":76598,"date":"2020-02-19T15:16:03","date_gmt":"2020-02-19T20:16:03","guid":{"rendered":"https:\/\/linitiative.ca\/International\/echec-du-dialogue-politique-en-cote-divoire\/"},"modified":"2020-02-19T15:16:03","modified_gmt":"2020-02-19T20:16:03","slug":"echec-du-dialogue-politique-en-cote-divoire","status":"publish","type":"post","link":"https:\/\/linitiative.ca\/International\/echec-du-dialogue-politique-en-cote-divoire\/","title":{"rendered":"ECHEC DU DIALOGUE POLITIQUE EN COTE D\u2019IVOIRE"},"content":{"rendered":"<div class=\"stream-item stream-item-above-post-content\">\n<p><noscript><\/p>\n<p><a href=\"\/\/www3.smartadserver.com\/ac?jump=1&#038;nwid=2136&#038;siteid=240610&#038;pgname=rg&#038;fmtid=49046&#038;visit=m&#038;tmstp=[timestamp]&#038;out=nonrich\" target=\"_blank\" rel=\"noopener noreferrer\"><img decoding=\"async\" src=\"\/\/www3.smartadserver.com\/ac?out=nonrich&#038;nwid=2136&#038;siteid=240610&#038;pgname=rg&#038;fmtid=49046&#038;visit=m&#038;tmstp=[timestamp]\" border=\"0\" alt=\"\"\/><\/a><\/p>\n<p><\/noscript><\/div>\n<p class=\"c3\"><em>A quelque huit mois de la pr\u00e9sidentielle qui cristallise les passions, la situation politique en C\u00f4te d\u2019Ivoire ne rassure gu\u00e8re. En effet, ce n\u2019est un secret pour personne que l\u2019atmosph\u00e8re sociopolitique s\u2019est charg\u00e9e de souffre, depuis que les alli\u00e9s d\u2019hier sont devenus, plus que des adversaires, les ennemis jur\u00e9s d\u2019aujourd\u2019hui. C\u2019est ainsi que le PDCI-RDA, se sentant flou\u00e9 par le parti pr\u00e9sidentiel qui semble avoir reni\u00e9 sa parole de le faire roi \u00e0 sa suite, a pris ce dernier en grippe au point de chercher \u00e0 se rendre justice en s\u2019alliant, entre autres, au FPI de Laurent Gbagbo dont la rivalit\u00e9 bien connue avec le RDR, dans une guerre fratricide au sens propre du terme, a laiss\u00e9 trois milliers de cadavres sur le carreau dans la crise de 2010-2011. Dans le m\u00eame temps, l\u2019ex-pr\u00e9sident de l\u2019Assembl\u00e9e nationale, Guillaume Soro, pr\u00e9sent\u00e9 \u00e0 tort ou a raison comme le \u00ab\u00a0prot\u00e9g\u00e9\u00a0\u00bb d\u2019Alassane Dramane Ouattara (ADO) et entr\u00e9 en dissidence avec le chef de l\u2019Etat, rumine, depuis son refuge europ\u00e9en, sa rage de s\u2019\u00eatre vu rappeler son pass\u00e9 de chef rebelle au point d\u2019\u00eatre d\u00e9sormais persona non grata dans son pays pour une sombre histoire de tentative pr\u00e9sum\u00e9e d\u2019atteinte \u00e0 la s\u00fbret\u00e9 de l\u2019Etat.<\/em><\/p>\n<p class=\"c3\"><strong><em>La crise de confiance a aujourd\u2019hui conduit \u00e0 une d\u00e9marcation des lignes entre deux camps antagoniques<\/em><\/strong><\/p>\n<p class=\"c3\"><em>C\u2019est dire si la situation, en Eburnie, \u00e9tait suffisamment d\u00e9l\u00e9t\u00e8re et tendue pour n\u00e9cessiter l\u2019ouverture d\u2019un dialogue politique entre les acteurs \u00e0 l\u2019effet de trouver un modus vivendi, dans l\u2019int\u00e9r\u00eat du peuple ivoirien. Une bonne initiative en soit. Malheureusement, apr\u00e8s un mois et demi de discussions, le dialogue s\u2019est referm\u00e9, le 17 f\u00e9vrier dernier, sur un constat d\u2019\u00e9chec, sans signature d\u2019accord. Cons\u00e9quence, tout le monde repart insatisfait, et l\u2019on se demande si cela ne va pas contribuer \u00e0 polluer davantage l\u2019atmosph\u00e8re sociopolitique sur les bords de la lagune Ebri\u00e9. Mais pouvait-il en \u00eatre autrement ? Oui et non.\u00a0<\/em> <em>Non, si les acteurs doivent continuer \u00e0 rester fig\u00e9s sur leur position. Et dans cette C\u00f4te d\u2019Ivoire aujourd\u2019hui divis\u00e9e et \u00e0 l\u2019histoire politique charg\u00e9e de soubresauts, o\u00f9 les alliances se font et se d\u00e9font au gr\u00e9 des int\u00e9r\u00eats dans la course au pouvoir, l\u2019on a parfois le sentiment que contrairement \u00e0 ce qu\u2019ils veulent montrer, bien des acteurs et pas des moindres de la classe politique n\u2019arrivent pas \u00e0 se d\u00e9partir de leur esprit de vengeance. Ainsi, si B\u00e9di\u00e9 est pr\u00eat \u00e0 oublier sa brouille avec Gbagbo, c\u2019est pour aller \u00e0 un rapprochement avec le FPI dans le but de faire payer sa \u00ab trahison \u00bb \u00e0 ADO. Lequel s\u2019est, entre-temps, mis \u00e0 dos Guillaume Soro qui est pr\u00eat, pour assouvir sa vengeance, \u00e0 se rapprocher d\u2019un Bl\u00e9 Goud\u00e9 qu\u2019il a pourtant contribu\u00e9 \u00e0 envoyer \u00e0 la Cour p\u00e9nale internationale (CPI) avec son mentor Gbagbo en attente de la cl\u00f4ture d\u00e9finitive de leur proc\u00e8s pour un hypoth\u00e9tique retour triomphal. C\u2019est dire si en C\u00f4te d\u2019Ivoire, la crise de confiance a aujourd\u2019hui conduit \u00e0 une d\u00e9marcation des lignes entre deux camps antagoniques qui se regardent en chiens de fa\u00efence. Et on n\u2019est pas loin de la veill\u00e9e d\u2019armes, dans la perspective de la pr\u00e9sidentielle d\u2019octobre prochain dont le compte \u00e0 rebours a visiblement d\u00e9j\u00e0 commenc\u00e9 et qui, \u00e0 en juger par certains comportements, semble aussi sonner l\u2019heure de la revanche pour certains.<\/em><\/p>\n<p class=\"c3\"><strong><em>La C\u00f4te d\u2019Ivoire n\u2019a pas besoin d\u2019une autre crise<\/em><\/strong><\/p>\n<p class=\"c3\"><em>C\u2019est dire si dans cette C\u00f4te d\u2019Ivoire \u00e0 l\u2019histoire politique fortement agit\u00e9e, les blessures restent profondes et le pardon et la r\u00e9conciliation tant serin\u00e9s du bout des l\u00e8vres, semblent loin d\u2019\u00eatre fortement ancr\u00e9s dans les c\u0153urs. Comment, dans ces conditions, peut-on esp\u00e9rer aller \u00e0 un accord si l\u2019on doit continuer \u00e0 se demander si les protagonistes ne vont pas \u00e0 la table de n\u00e9gociations avec chacun un couteau dans le dos ? Dans le cas d\u2019esp\u00e8ce, si les questions du Code \u00e9lectoral, du remboursement des frais de campagne au-del\u00e0 d\u2019un seuil des votes et de la recomposition de la Commission \u00e9lectorale, par exemple, semblent l\u00e9gitimes, on peut se demander si en mettant dans la balance l\u2019abandon des charges contre Laurent Gbagbo, l\u2019opposition n\u2019a pas mis la barre un peu trop haut, en adoptant une position qui peut para\u00eetre maximaliste. Quoi qu\u2019il en soit, l\u2019on est fond\u00e9 \u00e0 croire qu\u2019il pouvait aussi en \u00eatre autrement. Oui, \u00e0 condition que les acteurs majeurs de la sc\u00e8ne politique ivoirienne fassent d\u2019abord preuve de sinc\u00e9rit\u00e9 dans la recherche de la concorde, et surmontent ensuite leurs ego en mettant en avant l\u2019int\u00e9r\u00eat sup\u00e9rieur de la Nation. Seront-ils capables d\u2019un tel suppl\u00e9ment d\u2019\u00e2me\u00a0? L\u2019histoire nous le dira. En attendant, on ne peut qu\u2019encourager la classe politique \u00e0 renouer le fil du dialogue pour trouver un modus vivendi dont toutes les parties se feront le devoir de respecter les termes. Ne dit-on d\u2019ailleurs pas qu\u2019un mauvais arrangement vaut mieux qu\u2019un bon proc\u00e8s\u00a0? Cette maxime est d\u2019autant plus \u00e0 m\u00e9diter qu\u2019\u00e0 l\u2019\u00e9tape actuelle de son histoire, la C\u00f4te d\u2019Ivoire n\u2019a pas besoin d\u2019une autre crise. Le pays risque d\u2019avoir du mal \u00e0 s\u2019en relever. Pourtant, si l\u2019on n\u2019y prend garde, c\u2019est le danger qui la guette tant, \u00e0 travers la fracture sociale et la r\u00e9conciliation qui reste toujours en chantier, les ingr\u00e9dients d\u2019une d\u00e9flagration dont nul ne saurait pr\u00e9dire ni l\u2019ampleur ni la dur\u00e9e, sont, petit \u00e0 petit, en train d\u2019\u00eatre r\u00e9unis.<\/em><\/p>\n<p class=\"c3\"><strong><em>\u00ab\u00a0Le Pays\u00a0\u00bb<\/em><\/strong><\/p>\n<p>Auteur: Le Pays<br \/>\n<a href=\"http:\/\/lepays.bf\/echec-du-dialogue-politique-en-cote-divoire-2\/\">Cliquez ici pour lire l&rsquo;article depuis sa source.<\/a><\/p>\n","protected":false},"excerpt":{"rendered":"<p>A quelque huit mois de la pr\u00e9sidentielle qui cristallise les passions, la situation politique en C\u00f4te d\u2019Ivoire ne rassure gu\u00e8re. En effet, ce n\u2019est un secret pour personne que l\u2019atmosph\u00e8re sociopolitique s\u2019est charg\u00e9e de souffre, depuis que les alli\u00e9s d\u2019hier sont devenus, plus que des adversaires, les ennemis jur\u00e9s d\u2019aujourd\u2019hui. C\u2019est ainsi que le PDCI-RDA, [&hellip;]<\/p>\n","protected":false},"author":1813,"featured_media":0,"comment_status":"closed","ping_status":"closed","sticky":false,"template":"","format":"standard","meta":{"fifu_image_url":"","fifu_image_alt":"","footnotes":""},"categories":[73,81],"tags":[],"class_list":["post-76598","post","type-post","status-publish","format-standard","hentry","category-actualite","category-burkina-faso"],"_links":{"self":[{"href":"https:\/\/linitiative.ca\/International\/wp-json\/wp\/v2\/posts\/76598","targetHints":{"allow":["GET"]}}],"collection":[{"href":"https:\/\/linitiative.ca\/International\/wp-json\/wp\/v2\/posts"}],"about":[{"href":"https:\/\/linitiative.ca\/International\/wp-json\/wp\/v2\/types\/post"}],"author":[{"embeddable":true,"href":"https:\/\/linitiative.ca\/International\/wp-json\/wp\/v2\/users\/1813"}],"replies":[{"embeddable":true,"href":"https:\/\/linitiative.ca\/International\/wp-json\/wp\/v2\/comments?post=76598"}],"version-history":[{"count":0,"href":"https:\/\/linitiative.ca\/International\/wp-json\/wp\/v2\/posts\/76598\/revisions"}],"wp:attachment":[{"href":"https:\/\/linitiative.ca\/International\/wp-json\/wp\/v2\/media?parent=76598"}],"wp:term":[{"taxonomy":"category","embeddable":true,"href":"https:\/\/linitiative.ca\/International\/wp-json\/wp\/v2\/categories?post=76598"},{"taxonomy":"post_tag","embeddable":true,"href":"https:\/\/linitiative.ca\/International\/wp-json\/wp\/v2\/tags?post=76598"}],"curies":[{"name":"wp","href":"https:\/\/api.w.org\/{rel}","templated":true}]}}