{"id":76599,"date":"2020-02-19T15:18:38","date_gmt":"2020-02-19T20:18:38","guid":{"rendered":"https:\/\/linitiative.ca\/International\/condamnation-en-appel-de-lionel-zinsou\/"},"modified":"2020-02-19T15:18:38","modified_gmt":"2020-02-19T20:18:38","slug":"condamnation-en-appel-de-lionel-zinsou","status":"publish","type":"post","link":"https:\/\/linitiative.ca\/International\/condamnation-en-appel-de-lionel-zinsou\/","title":{"rendered":"CONDAMNATION EN APPEL DE LIONEL ZINSOU"},"content":{"rendered":"<div class=\"stream-item stream-item-above-post-content\">\n<p><noscript><\/p>\n<p><a href=\"\/\/www3.smartadserver.com\/ac?jump=1&#038;nwid=2136&#038;siteid=240610&#038;pgname=rg&#038;fmtid=49046&#038;visit=m&#038;tmstp=[timestamp]&#038;out=nonrich\" target=\"_blank\" rel=\"noopener noreferrer\"><img decoding=\"async\" src=\"\/\/www3.smartadserver.com\/ac?out=nonrich&#038;nwid=2136&#038;siteid=240610&#038;pgname=rg&#038;fmtid=49046&#038;visit=m&#038;tmstp=[timestamp]\" border=\"0\" alt=\"\"\/><\/a><\/p>\n<p><\/noscript><\/div>\n<p class=\"c3\"><em>Condamn\u00e9 en premi\u00e8re instance \u00e0 cinq ans d\u2019in\u00e9ligibilit\u00e9, assortis d\u2019une amende de 50 millions de F CFA, l\u2019ex-Premier ministre b\u00e9ninois, Lionel Zinsou, a vu sa peine partiellement confirm\u00e9e en appel, le 18 f\u00e9vrier dernier . L\u2019ex-candidat malheureux \u00e0 la pr\u00e9sidentielle a \u00e9t\u00e9 reconnu coupable de \u00ab d\u00e9passement de frais de campagne \u00bb par la Cour d\u2019appel de Cotonou qui l\u2019a finalement condamn\u00e9 \u00e0 quatre ans d\u2019in\u00e9ligibilit\u00e9 et cinq millions de F CFA d\u2019amende. Les juges d\u2019appel ont cependant rejet\u00e9 le chef d\u2019accusation portant sur \u00ab le faux et usage de faux \u00bb pour lequel Lionel Zinsou avait \u00e9cop\u00e9, en premi\u00e8re instance, de six mois de prison avec sursis. Ils n\u2019ont retenu que les charges relevant du contentieux \u00e9lectoral. Toute chose qui en rajoute \u00e0 la confusion quand on sait que la Cour supr\u00eame, qui est comp\u00e9tente en mati\u00e8re de litiges relatifs au processus \u00e9lectoral, avait d\u00e9cid\u00e9, \u00e0 l\u2019issue de la pr\u00e9sidentielle de 2016, de ne pas engager de proc\u00e9dure contre Lionel Zinsou dont l\u2019avocat n\u2019exclut d\u2019ailleurs pas la possibilit\u00e9 de d\u00e9poser un recours devant la Cour de cassation. En tout cas, on peut accuser le pouvoir b\u00e9ninois, \u00e0 tort ou \u00e0 raison, d\u2019avoir \u00ab instrumentalis\u00e9 \u00bb la Justice aux fins d\u2019\u00e9carter un adversaire politique de taille.<\/em><\/p>\n<p class=\"c3\"><strong><em>Le B\u00e9nin a eu le m\u00e9rite d\u2019avoir ouvert l\u2019\u0153il et le bon, sur une pratique qui a la peau dure dans bien des pays africains<\/em><\/strong><\/p>\n<p class=\"c3\"><em>Mais force est de reconna\u00eetre que ce proc\u00e8s a une valeur hautement p\u00e9dagogique. Il devrait, en effet, donner \u00e0 r\u00e9fl\u00e9chir \u00e0 tous ces politiciens \u00e0 la petite semaine qui s\u2019adonnent \u00e0 de folles d\u00e9penses pendant les campagnes \u00e9lectorales. Et le B\u00e9nin, quoi que l\u2019on dise, a eu le m\u00e9rite d\u2019avoir ouvert l\u2019\u0153il et le bon, sur une pratique qui a la peau dure dans bien des pays africains, quand elle ne passe pas aux yeux de certains comme un non-\u00e9v\u00e9nement. Et dans le cas d\u2019esp\u00e8ce, Lionel Zinsou a beau clamer son innocence, il reste qu\u2019il est au c\u0153ur d\u2019un autre litige, cette fois-ci financier, qui l\u2019oppose \u00e0 l\u2019homme d\u2019affaires burkinab\u00e8, Mahamadou Bonkoungou, dont on dit qu\u2019il lui aurait pr\u00eat\u00e9 pr\u00e8s de 15 milliards de F CFA. Vrai ou faux\u00a0? Difficile d\u2019y r\u00e9pondre. Pour le moins, on sait que l\u2019affaire a fait le tour des tribunaux \u00e0 Cotonou comme \u00e0 Paris avant, dit-on, de conna\u00eetre un r\u00e8glement \u00e0 l\u2019amiable gr\u00e2ce \u00e0 la double m\u00e9diation des pr\u00e9sidents Alassane Dramane Ouattara et Alpha Cond\u00e9. C\u2019est d\u2019ailleurs sur ce dossier que la partie civile a fond\u00e9 l\u2019essentiel de ses preuves de d\u00e9passement de frais de campagne. Mais, comme on le sait, les choses sont ainsi faites qu\u2019en politique, lorsqu\u2019un adversaire prend des libert\u00e9s avec les textes, les uns et les autres y voient une cabale lorsqu\u2019il est poursuivi et condamn\u00e9 par la Justice. Peut-\u00eatre n\u2019ont-ils pas tort. Car, la Justice, sous nos tropiques, a bien souvent montr\u00e9 qu\u2019elle est \u00e0 la solde des r\u00e9gimes en place tant et si bien qu\u2019elle n\u2019inspire plus confiance et ce, m\u00eame quand il lui arrive de dire le droit en toute impartialit\u00e9.<\/em><\/p>\n<p class=\"c3\"><strong><em>B.O<\/em><\/strong><\/p>\n<p>Auteur: Le Pays<br \/>\n<a href=\"http:\/\/lepays.bf\/condamnation-en-appel-de-lionel-zinsou-2\/\">Cliquez ici pour lire l&rsquo;article depuis sa source.<\/a><\/p>\n","protected":false},"excerpt":{"rendered":"<p>Condamn\u00e9 en premi\u00e8re instance \u00e0 cinq ans d\u2019in\u00e9ligibilit\u00e9, assortis d\u2019une amende de 50 millions de F CFA, l\u2019ex-Premier ministre b\u00e9ninois, Lionel Zinsou, a vu sa peine partiellement confirm\u00e9e en appel, le 18 f\u00e9vrier dernier . L\u2019ex-candidat malheureux \u00e0 la pr\u00e9sidentielle a \u00e9t\u00e9 reconnu coupable de \u00ab d\u00e9passement de frais de campagne \u00bb par la Cour [&hellip;]<\/p>\n","protected":false},"author":1813,"featured_media":0,"comment_status":"closed","ping_status":"closed","sticky":false,"template":"","format":"standard","meta":{"fifu_image_url":"","fifu_image_alt":"","footnotes":""},"categories":[73,81],"tags":[],"class_list":["post-76599","post","type-post","status-publish","format-standard","hentry","category-actualite","category-burkina-faso"],"_links":{"self":[{"href":"https:\/\/linitiative.ca\/International\/wp-json\/wp\/v2\/posts\/76599","targetHints":{"allow":["GET"]}}],"collection":[{"href":"https:\/\/linitiative.ca\/International\/wp-json\/wp\/v2\/posts"}],"about":[{"href":"https:\/\/linitiative.ca\/International\/wp-json\/wp\/v2\/types\/post"}],"author":[{"embeddable":true,"href":"https:\/\/linitiative.ca\/International\/wp-json\/wp\/v2\/users\/1813"}],"replies":[{"embeddable":true,"href":"https:\/\/linitiative.ca\/International\/wp-json\/wp\/v2\/comments?post=76599"}],"version-history":[{"count":0,"href":"https:\/\/linitiative.ca\/International\/wp-json\/wp\/v2\/posts\/76599\/revisions"}],"wp:attachment":[{"href":"https:\/\/linitiative.ca\/International\/wp-json\/wp\/v2\/media?parent=76599"}],"wp:term":[{"taxonomy":"category","embeddable":true,"href":"https:\/\/linitiative.ca\/International\/wp-json\/wp\/v2\/categories?post=76599"},{"taxonomy":"post_tag","embeddable":true,"href":"https:\/\/linitiative.ca\/International\/wp-json\/wp\/v2\/tags?post=76599"}],"curies":[{"name":"wp","href":"https:\/\/api.w.org\/{rel}","templated":true}]}}