{"id":76600,"date":"2020-02-19T15:22:57","date_gmt":"2020-02-19T20:22:57","guid":{"rendered":"https:\/\/linitiative.ca\/International\/manifs-contre-un-3e-mandat-de-conde\/"},"modified":"2020-02-19T15:22:57","modified_gmt":"2020-02-19T20:22:57","slug":"manifs-contre-un-3e-mandat-de-conde","status":"publish","type":"post","link":"https:\/\/linitiative.ca\/International\/manifs-contre-un-3e-mandat-de-conde\/","title":{"rendered":"\u00a0MANIFS \u00a0CONTRE UN 3E \u00a0MANDAT DE CONDE"},"content":{"rendered":"<div class=\"stream-item stream-item-above-post-content\">\n<p><noscript><\/p>\n<p><a href=\"\/\/www3.smartadserver.com\/ac?jump=1&#038;nwid=2136&#038;siteid=240610&#038;pgname=rg&#038;fmtid=49046&#038;visit=m&#038;tmstp=[timestamp]&#038;out=nonrich\" target=\"_blank\" rel=\"noopener noreferrer\"><img decoding=\"async\" src=\"\/\/www3.smartadserver.com\/ac?out=nonrich&#038;nwid=2136&#038;siteid=240610&#038;pgname=rg&#038;fmtid=49046&#038;visit=m&#038;tmstp=[timestamp]\" border=\"0\" alt=\"\"\/><\/a><\/p>\n<p><\/noscript><\/div>\n<p class=\"c3\"><em>Apr\u00e8s une tr\u00eave de quelques jours, l\u2019opposition guin\u00e9enne a remis le couvert le 19 f\u00e9vrier 2020,\u00a0 en appelant ses militants \u00e0 reprendre du service dans la rue, dans le cadre de la mobilisation \u00ab\u00a0massive\u00a0\u00bb et \u00abillimit\u00e9e\u00a0\u00bb qu\u2019elle a lanc\u00e9e pour faire barrage\u00a0 aux vell\u00e9it\u00e9s de modification constitutionnelle du pr\u00e9sident Alpha Cond\u00e9 \u00e0 l\u2019effet de s\u2019ouvrir les portes d\u2019un troisi\u00e8me mandat \u00e0 la t\u00eate de l\u2019Etat. Cela, en pleine campagne \u00e9lectorale pour les \u00e9lections l\u00e9gislatives et r\u00e9f\u00e9rendaires coupl\u00e9es du 1<sup>er<\/sup> mars prochain qu\u2019elle a, du reste, d\u00e9cid\u00e9 de boycotter en signe de protestation d\u2019une part, et dont elle se promet d\u2019emp\u00eacher la tenue d\u2019autre part.\u00a0 Une situation qui augure d\u2019un regain de tensions dans ce pays o\u00f9 les manifestations de rue ont tendance \u00e0 se terminer presque toujours dans le sang. En effet, apr\u00e8s les trois morts, le mois dernier, des \u00e9chauffour\u00e9es ont \u00e9clat\u00e9 hier, entre manifestants et forces de l\u2019ordre. Et dans la foul\u00e9e, la d\u00e9put\u00e9 Djessira Traor\u00e9, en campagne contre le r\u00e9f\u00e9rendum, a \u00e9t\u00e9 bri\u00e8vement interpell\u00e9e. Que nous r\u00e9servent donc, les jours \u00e0 venir ? La Guin\u00e9e se dirige-t-elle vers le pr\u00e9cipice\u00a0? Bien malin qui saurait r\u00e9pondre \u00e0 ces questions. En attendant, c\u2019est l\u2019inqui\u00e9tude dans certains milieux au point que la France, sortant de sa r\u00e9serve diplomatique au risque d\u2019essuyer les critiques des souverainistes et autres panafricanistes, a donn\u00e9 de la voix pour appeler \u00e0 l\u2019apaisement. \u00a0C\u2019est dire si la situation en Guin\u00e9e, est devenue tr\u00e8s pr\u00e9occupante. Et tout porte \u00e0 croire que loin de s\u2019acheminer vers la recherche d\u2019un compromis pour d\u00e9samorcer la crise, les protagonistes sont en train de se rejeter la balle, en s\u2019accusant mutuellement. C\u2019est ce que l\u2019on est port\u00e9 \u00e0 croire quand le pouvoir accuse ouvertement l\u2019opposition de vis\u00e9es putschistes. De m\u00eame, quand cette derni\u00e8re voit derri\u00e8re l\u2019arrestation d\u2019un policier, accus\u00e9 d\u2019utilisation abusive d\u2019une arme l\u00e9tale lors d\u2019une op\u00e9ration de maintien d\u2019ordre, de la poudre de perlimpinpin destin\u00e9e \u00e0 polir l\u2019image d\u2019un r\u00e9gime aux abois et aux antipodes de la d\u00e9mocratie,\u00a0 il y a des raisons de croire que la confiance est totalement rompue entre les deux camps.<\/em><\/p>\n<p class=\"c3\"><em>\u00a0<\/em><\/p>\n<p class=\"c3\"><strong><em>Tout, dans l\u2019attitude du Professeur, tend \u00e0 prouver qu\u2019il faudra bien plus que des marches pour venir \u00e0 bout de son obstination \u00e0 se maintenir \u00e0 la t\u00eate de l\u2019Etat guin\u00e9en<\/em><\/strong><\/p>\n<p><strong>\u00a0<\/strong><\/p>\n<p class=\"c3\"><em>C\u2019est l\u00e0 que du haut de ses 80 ans r\u00e9volus, le pr\u00e9sident Cond\u00e9 devrait avoir la sagesse de clarifier la situation par un renoncement public et sans aucune ambig\u00fcit\u00e9, au troisi\u00e8me mandat dont on lui pr\u00eate l\u2019intention et qui pourrit l\u2019atmosph\u00e8re sociopolitique depuis plusieurs mois dans son pays. Mais le chef de l\u2019Etat guin\u00e9en est-il capable d\u2019un tel sursaut patriotique\u00a0? Pour le moment, il n\u2019en donne pas l\u2019impression. Au contraire, tout, dans l\u2019attitude du Professeur, tend \u00e0 prouver qu\u2019il faudra bien plus que des marches pour venir \u00e0 bout de son obstination \u00e0 vouloir se maintenir contre vents et mar\u00e9es \u00e0 la t\u00eate de l\u2019Etat guin\u00e9en. C\u2019est pourquoi, tout en maintenant la pression, l\u2019opposition guin\u00e9enne doit savoir discipliner ses militants dans ce bras de fer avec le pouvoir, pour \u00e9viter de pr\u00eater le flanc \u00e0 la r\u00e9pression qui appara\u00eet comme l\u2019arme fatale dont le r\u00e9gime Cond\u00e9 compte user pour venir \u00e0 bout des manifestants. Elle doit aussi \u00e9viter de tomber dans le sch\u00e9ma togolais qui a vu le r\u00e9gime du pr\u00e9sident Faure Gnassingb\u00e9 plier sous le poids des manifestations de l\u2019opposition sans jamais rompre, pour revenir encore plus fort.<\/em>\u00a0 <em>En tout \u00e9tat de cause, si l\u2019opposition guin\u00e9enne peut se permettre de perdre la bataille des l\u00e9gislatives dont le processus est d\u00e9j\u00e0 engag\u00e9, elle n\u2019a pas le droit de perdre le combat contre la patrimonialisation du pouvoir qui semble tenter le locataire du palais S\u00e9koutour\u00e9ya. Il y va du triomphe de la d\u00e9mocratie dans ce pays.<\/em><\/p>\n<p><strong>\u00a0<\/strong><\/p>\n<p><strong><em>\u00ab\u00a0Le Pays\u00a0\u00bb<\/em><\/strong><\/p>\n<p><strong>\u00a0<\/strong><\/p>\n<p>Auteur: Le Pays<br \/>\n<a href=\"http:\/\/lepays.bf\/manifs-contre-un-3e-mandat-de-conde\/\">Cliquez ici pour lire l&rsquo;article depuis sa source.<\/a><\/p>\n","protected":false},"excerpt":{"rendered":"<p>Apr\u00e8s une tr\u00eave de quelques jours, l\u2019opposition guin\u00e9enne a remis le couvert le 19 f\u00e9vrier 2020,\u00a0 en appelant ses militants \u00e0 reprendre du service dans la rue, dans le cadre de la mobilisation \u00ab\u00a0massive\u00a0\u00bb et \u00abillimit\u00e9e\u00a0\u00bb qu\u2019elle a lanc\u00e9e pour faire barrage\u00a0 aux vell\u00e9it\u00e9s de modification constitutionnelle du pr\u00e9sident Alpha Cond\u00e9 \u00e0 l\u2019effet de s\u2019ouvrir [&hellip;]<\/p>\n","protected":false},"author":1813,"featured_media":0,"comment_status":"closed","ping_status":"closed","sticky":false,"template":"","format":"standard","meta":{"fifu_image_url":"","fifu_image_alt":"","footnotes":""},"categories":[73,81],"tags":[],"class_list":["post-76600","post","type-post","status-publish","format-standard","hentry","category-actualite","category-burkina-faso"],"_links":{"self":[{"href":"https:\/\/linitiative.ca\/International\/wp-json\/wp\/v2\/posts\/76600","targetHints":{"allow":["GET"]}}],"collection":[{"href":"https:\/\/linitiative.ca\/International\/wp-json\/wp\/v2\/posts"}],"about":[{"href":"https:\/\/linitiative.ca\/International\/wp-json\/wp\/v2\/types\/post"}],"author":[{"embeddable":true,"href":"https:\/\/linitiative.ca\/International\/wp-json\/wp\/v2\/users\/1813"}],"replies":[{"embeddable":true,"href":"https:\/\/linitiative.ca\/International\/wp-json\/wp\/v2\/comments?post=76600"}],"version-history":[{"count":0,"href":"https:\/\/linitiative.ca\/International\/wp-json\/wp\/v2\/posts\/76600\/revisions"}],"wp:attachment":[{"href":"https:\/\/linitiative.ca\/International\/wp-json\/wp\/v2\/media?parent=76600"}],"wp:term":[{"taxonomy":"category","embeddable":true,"href":"https:\/\/linitiative.ca\/International\/wp-json\/wp\/v2\/categories?post=76600"},{"taxonomy":"post_tag","embeddable":true,"href":"https:\/\/linitiative.ca\/International\/wp-json\/wp\/v2\/tags?post=76600"}],"curies":[{"name":"wp","href":"https:\/\/api.w.org\/{rel}","templated":true}]}}