{"id":76601,"date":"2020-02-19T15:26:32","date_gmt":"2020-02-19T20:26:32","guid":{"rendered":"https:\/\/linitiative.ca\/International\/fin-de-la-campagne-presidentielle-au-togo\/"},"modified":"2020-02-19T15:26:32","modified_gmt":"2020-02-19T20:26:32","slug":"fin-de-la-campagne-presidentielle-au-togo","status":"publish","type":"post","link":"https:\/\/linitiative.ca\/International\/fin-de-la-campagne-presidentielle-au-togo\/","title":{"rendered":"FIN DE LA CAMPAGNE PRESIDENTIELLE AU TOGO  \u00a0"},"content":{"rendered":"<div class=\"stream-item stream-item-above-post-content\">\n<p><noscript><\/p>\n<p><a href=\"\/\/www3.smartadserver.com\/ac?jump=1&#038;nwid=2136&#038;siteid=240610&#038;pgname=rg&#038;fmtid=49046&#038;visit=m&#038;tmstp=[timestamp]&#038;out=nonrich\" target=\"_blank\" rel=\"noopener noreferrer\"><img decoding=\"async\" src=\"\/\/www3.smartadserver.com\/ac?out=nonrich&#038;nwid=2136&#038;siteid=240610&#038;pgname=rg&#038;fmtid=49046&#038;visit=m&#038;tmstp=[timestamp]\" border=\"0\" alt=\"\"\/><\/a><\/p>\n<p><\/noscript><\/div>\n<p class=\"c3\"><em>C\u2019est ce 20 f\u00e9vrier au soir, que s\u2019ach\u00e8ve la campagne pour la pr\u00e9sidentielle du 22 f\u00e9vrier 2020.\u00a0 Sont en lice, sept candidats qui, deux semaines durant, sont all\u00e9s par monts et par vaux pour conqu\u00e9rir l\u2019\u00e9lectorat \u00e0 leur cause. Quel bilan tirer de cette campagne de chasse aux \u00e9lecteurs\u00a0?\u00a0 Pour en avoir vu pire, par le pass\u00e9, l\u2019on peut dire que, ce coup-ci, le virage a \u00e9t\u00e9 plut\u00f4t bien n\u00e9goci\u00e9 dans l\u2019ensemble.\u00a0 La p\u00eache aux voix s\u2019est d\u00e9roul\u00e9e dans un climat globalement apais\u00e9, m\u00eame s\u2019il faut regretter quelques incidents autour de meetings de l\u2019Opposition. Ces perturbations, Dieu soit lou\u00e9, n\u2019ont pas occasionn\u00e9 de pertes en vies humaines. Reste que c\u2019est une ombre au tableau, \u00e0 laquelle il faut ajouter, h\u00e9las, l\u2019absence d\u00e9cri\u00e9e du financement public pour les partis, dans le cadre de ladite campagne.\u00a0 \u00a0Un s\u00e9rieux handicap, s\u2019il en est, qui aura contraint l\u2019Opposition \u00e0 revoir \u00e0 la baisse, ses ambitions de campagne. Per\u00e7u par d\u2019aucuns, comme une man\u0153uvre de plus, un coup bas suppl\u00e9mentaire du pouvoir togolais destin\u00e9 \u00e0 parvenir \u00e0 ses fins, ce grave manquement n\u2019honore pas le pouvoir togolais cens\u00e9 veiller au bon d\u00e9roulement du processus \u00e9lectoral.\u00a0 Cela dit, maintenant que les regards sont tourn\u00e9s vers le scrutin, le moins que l\u2019on puisse souligner, c\u2019est que le plus dur reste \u00e0 r\u00e9aliser ; \u00e0 commencer par le d\u00e9fi de la mobilisation. Blas\u00e9s par des consultations \u00e9lectorales toujours sans suspense dans un pays o\u00f9 l\u2019alternance rel\u00e8ve quasiment du totem, les Togolais se rueront-ils devant les bureaux de vote le 22 f\u00e9vrier prochain\u00a0?\u00a0 Et si le pari de la mobilisation \u00e9tait tenu, quelle garantie y aurait-il que les voix des \u00e9lecteurs critiques vis-\u00e0-vis du pouvoir, comptent vraiment face \u00e0 un pr\u00e9sident incapable de s\u2019imaginer une autre vie en dehors du pouvoir et qui semble pr\u00eat \u00e0 tout pour s\u2019accrocher \u00e0 son tr\u00f4ne ?\u00a0 Comment convaincre tous ces ind\u00e9cis, qu\u2019ils n\u2019auront plus jamais affaire \u00e0 ces sc\u00e8nes ubuesques o\u00f9 des urnes ont \u00e9t\u00e9 nuitamment emport\u00e9es dans des circonscriptions \u00e9lectorales, parce qu\u2019elles \u00e9taient hostiles au pouvoir en place\u00a0?<\/em><\/p>\n<p class=\"c3\"><em>\u00a0<\/em><\/p>\n<p class=\"c3\"><em><strong>Le Togo peut et doit mieux faire<\/strong><\/em><\/p>\n<p><strong>\u00a0<\/strong><\/p>\n<p class=\"c3\"><em>Bref, en terme de transparence \u00e9lectorale, le Togo qui passe pour \u00eatre le trou noir de la d\u00e9mocratie dans la sous-r\u00e9gion, est encore loin du compte.\u00a0 En sus du d\u00e9fi de la transparence, l\u2019autre challenge \u00e0 relever, pour autant que le pouvoir togolais veuille \u00ab\u00a0grandir\u00a0\u00bb sur le plan d\u00e9mocratique, c\u2019est celui de l\u2019ind\u00e9pendance des institutions qui devraient se montrer plut\u00f4t fortes.\u00a0 Tax\u00e9es d\u2019\u00eatre \u00e0 la solde des tenants du pouvoir, celles-ci n\u2019ont jamais pos\u00e9 d\u2019actes de nature \u00e0 apporter la preuve du contraire. En somme, tant qu\u2019il restera \u00ab\u00a0fort\u00a0\u00bb, Faure peut \u00eatre assur\u00e9 de disposer de son pays \u00e0 sa guise ; de se porter candidat \u00e0 sa succession aussi longtemps qu\u2019il le voudra ou plut\u00f4t jusqu\u2019\u00e0 son dernier souffle comme le lui autorise, du reste, la Constitution longtemps taill\u00e9e \u00e0 la mesure de la boulimie du pouvoir des Gnassingb\u00e9.\u00a0\u00a0 Certes, l\u2019on ne saurait passer sous silence l\u2019avanc\u00e9e notable intervenue dans le mode de scrutin qui passe \u00e0 deux tours. Mais cela ne suffit \u00a0pas \u00e0 faire du Togo, une d\u00e9mocratie.\u00a0 Il peut et doit mieux faire. Il y va non seulement de la responsabilit\u00e9 du pouvoir en place, mais \u00e9galement de celle de l\u2019Opposition qui ne semble pas avoir pris toute la mesure du chemin \u00e0 parcourir pour provoquer l\u2019alternance dans les urnes. Min\u00e9e par ses querelles d\u2019ego et toujours incapable de s\u2019unir pour venir \u00e0 bout des d\u00e9cennies de r\u00e8gne de la famille Gnassingb\u00e9, ne continue-t-elle pas \u00e0 \u00e9taler ses divergences sur la place publique\u00a0?\u00a0 En tous les cas, dans l\u2019imm\u00e9diat, ce qu\u2019elle a de mieux \u00e0 faire, c\u2019est de rester vigilante au cours des prochaines heures. \u00a0Tout au long du scrutin, les opposants \u00e0 Faure Gnassingb\u00e9 doivent se donner tous les moyens en leur possession, pour d\u00e9ployer leurs repr\u00e9sentants dans tous les bureaux de vote. Mais bien plus, Jean-Pierre Fabre et compagnie doivent s\u2019entourer de pr\u00e9cautions pour compiler les r\u00e9sultats en temps r\u00e9el pour se pr\u00e9munir contre d\u2019\u00e9ventuelles fraudes.\u00a0\u00a0 \u00a0C\u2019est d\u2019autant plus un imp\u00e9ratif que l\u2019Eglise catholique dont la voix compte en terme de cr\u00e9dibilit\u00e9, a \u00e9t\u00e9 gentiment pri\u00e9e de s\u2019occuper plut\u00f4t de ses fid\u00e8les.<\/em><\/p>\n<p class=\"c3\"><em>\u00a0<\/em><\/p>\n<p class=\"c3\"><strong>\u00ab\u00a0Le Pays\u00a0\u00bb<\/strong><\/p>\n<p><strong>\u00a0<\/strong><\/p>\n<p>Auteur: Le Pays<br \/>\n<a href=\"http:\/\/lepays.bf\/fin-de-la-campagne-presidentielle-au-togo\/\">Cliquez ici pour lire l&rsquo;article depuis sa source.<\/a><\/p>\n","protected":false},"excerpt":{"rendered":"<p>C\u2019est ce 20 f\u00e9vrier au soir, que s\u2019ach\u00e8ve la campagne pour la pr\u00e9sidentielle du 22 f\u00e9vrier 2020.\u00a0 Sont en lice, sept candidats qui, deux semaines durant, sont all\u00e9s par monts et par vaux pour conqu\u00e9rir l\u2019\u00e9lectorat \u00e0 leur cause. Quel bilan tirer de cette campagne de chasse aux \u00e9lecteurs\u00a0?\u00a0 Pour en avoir vu pire, par [&hellip;]<\/p>\n","protected":false},"author":1813,"featured_media":0,"comment_status":"closed","ping_status":"closed","sticky":false,"template":"","format":"standard","meta":{"fifu_image_url":"","fifu_image_alt":"","footnotes":""},"categories":[73,81],"tags":[],"class_list":["post-76601","post","type-post","status-publish","format-standard","hentry","category-actualite","category-burkina-faso"],"_links":{"self":[{"href":"https:\/\/linitiative.ca\/International\/wp-json\/wp\/v2\/posts\/76601","targetHints":{"allow":["GET"]}}],"collection":[{"href":"https:\/\/linitiative.ca\/International\/wp-json\/wp\/v2\/posts"}],"about":[{"href":"https:\/\/linitiative.ca\/International\/wp-json\/wp\/v2\/types\/post"}],"author":[{"embeddable":true,"href":"https:\/\/linitiative.ca\/International\/wp-json\/wp\/v2\/users\/1813"}],"replies":[{"embeddable":true,"href":"https:\/\/linitiative.ca\/International\/wp-json\/wp\/v2\/comments?post=76601"}],"version-history":[{"count":0,"href":"https:\/\/linitiative.ca\/International\/wp-json\/wp\/v2\/posts\/76601\/revisions"}],"wp:attachment":[{"href":"https:\/\/linitiative.ca\/International\/wp-json\/wp\/v2\/media?parent=76601"}],"wp:term":[{"taxonomy":"category","embeddable":true,"href":"https:\/\/linitiative.ca\/International\/wp-json\/wp\/v2\/categories?post=76601"},{"taxonomy":"post_tag","embeddable":true,"href":"https:\/\/linitiative.ca\/International\/wp-json\/wp\/v2\/tags?post=76601"}],"curies":[{"name":"wp","href":"https:\/\/api.w.org\/{rel}","templated":true}]}}