{"id":76604,"date":"2020-02-19T15:50:02","date_gmt":"2020-02-19T20:50:02","guid":{"rendered":"https:\/\/linitiative.ca\/International\/algerie-le-jour-du-debut-de-la-contestation-decrete-journee-nationale\/"},"modified":"2020-02-19T15:50:02","modified_gmt":"2020-02-19T20:50:02","slug":"algerie-le-jour-du-debut-de-la-contestation-decrete-journee-nationale","status":"publish","type":"post","link":"https:\/\/linitiative.ca\/International\/algerie-le-jour-du-debut-de-la-contestation-decrete-journee-nationale\/","title":{"rendered":"Alg\u00e9rie: le jour du d\u00e9but de la contestation d\u00e9cr\u00e9t\u00e9 \u00ab\u00a0Journ\u00e9e nationale\u00a0\u00bb"},"content":{"rendered":"<div readability=\"32\">\n<p>Publi\u00e9 le 19.02.2020 \u00e0 21h50 par AFP<\/p>\n<\/div>\n<div readability=\"63\">\n<p>Le jour du d\u00e9but en Alg\u00e9rie de la contestation contre le pouvoir a \u00e9t\u00e9 d\u00e9cr\u00e9t\u00e9 \u00ab\u00a0Journ\u00e9e nationale\u00a0\u00bb par le pr\u00e9sident Abdelmadjid Tebboune, \u00e0 l\u2019occasion du premier anniversaire de ce mouvement populaire in\u00e9dit d\u00e9clench\u00e9 le 22 f\u00e9vrier 2019.<\/p>\n<p>La pr\u00e9sidence a annonc\u00e9, dans un communiqu\u00e9 cit\u00e9 par la t\u00e9l\u00e9vision d\u2019Etat, que \u00ab\u00a0M. Tebboune a d\u00e9cr\u00e9t\u00e9 mercredi (\u2026) le 22 f\u00e9vrier de chaque ann\u00e9e \u2018Journ\u00e9e nationale\u2019 de la fraternit\u00e9 et de la coh\u00e9sion entre le peuple et son arm\u00e9e\u00a0\u00bb.<\/p>\n<p>Le 22 f\u00e9vrier 2019, des millions d\u2019Alg\u00e9riens sont descendus dans les rues de toutes les grandes villes du pays pour exprimer leur rejet d\u2019un 5e mandat de l\u2019ex-pr\u00e9sident Abdelaziz Bouteflika.<\/p>\n<p>Ce mouvement populaire -ou \u00ab\u00a0Hirak\u00a0\u00bb- a obtenu la d\u00e9mission de M. Bouteflika d\u00e9but avril 2019, mais continue de r\u00e9clamer une v\u00e9ritable rupture avec le syst\u00e8me politique en place depuis l\u2019ind\u00e9pendance du pays en 1962.<\/p>\n<p>Ancien cadre de la pr\u00e9sidence Bouteflika et pur produit du \u00ab\u00a0syst\u00e8me\u00a0\u00bb, M. Tebboune qui s\u2019efforce de s\u2019attirer les bonnes gr\u00e2ces de la contestation, a \u00e9t\u00e9 \u00e9lu le 12 d\u00e9cembre dernier lors d\u2019un scrutin boycott\u00e9 par la majorit\u00e9 des Alg\u00e9riens.<\/p>\n<p>\u00ab\u00a0Le d\u00e9cret pr\u00e9sidentiel stipule que la journ\u00e9e du 22 f\u00e9vrier immortalisera le sursaut historique du peuple et sera c\u00e9l\u00e9br\u00e9e dans l\u2019ensemble du territoire national, \u00e0 travers des manifestations et des activit\u00e9s \u00e0 m\u00eame de renforcer les liens de fraternit\u00e9 et de coh\u00e9sion nationales\u00a0\u00bb, selon le communiqu\u00e9.<\/p>\n<\/div>\n<p>Auteur: AFP<br \/>\n<a href=\"https:\/\/www.journalducameroun.com\/algerie-le-jour-du-debut-de-la-contestation-decrete-journee-nationale\/\">Cliquez ici pour lire l&rsquo;article depuis sa source.<\/a><\/p>\n","protected":false},"excerpt":{"rendered":"<p>Publi\u00e9 le 19.02.2020 \u00e0 21h50 par AFP Le jour du d\u00e9but en Alg\u00e9rie de la contestation contre le pouvoir a \u00e9t\u00e9 d\u00e9cr\u00e9t\u00e9 \u00ab\u00a0Journ\u00e9e nationale\u00a0\u00bb par le pr\u00e9sident Abdelmadjid Tebboune, \u00e0 l\u2019occasion du premier anniversaire de ce mouvement populaire in\u00e9dit d\u00e9clench\u00e9 le 22 f\u00e9vrier 2019. La pr\u00e9sidence a annonc\u00e9, dans un communiqu\u00e9 cit\u00e9 par la t\u00e9l\u00e9vision [&hellip;]<\/p>\n","protected":false},"author":1965,"featured_media":0,"comment_status":"closed","ping_status":"closed","sticky":false,"template":"","format":"standard","meta":{"fifu_image_url":"","fifu_image_alt":"","footnotes":""},"categories":[73,82],"tags":[],"class_list":["post-76604","post","type-post","status-publish","format-standard","hentry","category-actualite","category-cameroun"],"_links":{"self":[{"href":"https:\/\/linitiative.ca\/International\/wp-json\/wp\/v2\/posts\/76604","targetHints":{"allow":["GET"]}}],"collection":[{"href":"https:\/\/linitiative.ca\/International\/wp-json\/wp\/v2\/posts"}],"about":[{"href":"https:\/\/linitiative.ca\/International\/wp-json\/wp\/v2\/types\/post"}],"author":[{"embeddable":true,"href":"https:\/\/linitiative.ca\/International\/wp-json\/wp\/v2\/users\/1965"}],"replies":[{"embeddable":true,"href":"https:\/\/linitiative.ca\/International\/wp-json\/wp\/v2\/comments?post=76604"}],"version-history":[{"count":0,"href":"https:\/\/linitiative.ca\/International\/wp-json\/wp\/v2\/posts\/76604\/revisions"}],"wp:attachment":[{"href":"https:\/\/linitiative.ca\/International\/wp-json\/wp\/v2\/media?parent=76604"}],"wp:term":[{"taxonomy":"category","embeddable":true,"href":"https:\/\/linitiative.ca\/International\/wp-json\/wp\/v2\/categories?post=76604"},{"taxonomy":"post_tag","embeddable":true,"href":"https:\/\/linitiative.ca\/International\/wp-json\/wp\/v2\/tags?post=76604"}],"curies":[{"name":"wp","href":"https:\/\/api.w.org\/{rel}","templated":true}]}}