{"id":76605,"date":"2020-02-19T16:18:04","date_gmt":"2020-02-19T21:18:04","guid":{"rendered":"https:\/\/linitiative.ca\/International\/le-roi-mohammed-vi-veut-des-relations-extraordinaires-avec-la-mauritanie-ministre\/"},"modified":"2020-02-19T16:18:04","modified_gmt":"2020-02-19T21:18:04","slug":"le-roi-mohammed-vi-veut-des-relations-extraordinaires-avec-la-mauritanie-ministre","status":"publish","type":"post","link":"https:\/\/linitiative.ca\/International\/le-roi-mohammed-vi-veut-des-relations-extraordinaires-avec-la-mauritanie-ministre\/","title":{"rendered":"\u00ab Le roi Mohammed VI veut des relations extraordinaires avec la Mauritanie \u00bb (ministre)"},"content":{"rendered":"<div readability=\"32\">\n<p>Publi\u00e9 le 19.02.2020 \u00e0 22h18 par APA News<\/p>\n<\/div>\n<div readability=\"70\">\n<p>Le ministre marocain des Affaires \u00e9trang\u00e8res, de la Coop\u00e9ration africaine et des Marocains r\u00e9sidant \u00e0 l\u2019\u00c9tranger, Nasser Bourita, a indiqu\u00e9 avoir transmis au pr\u00e9sident mauritanien la forte volont\u00e9 du Roi Mohammed VI de d\u00e9velopper les relations bilat\u00e9rales au plus haut niveau.La volont\u00e9 de sa Majest\u00e9 est que les relations avec la Mauritanie ne soient pas des \u00ab\u00a0relations ordinaires, mais plut\u00f4t des relations extraordinaires\u00a0\u00bb, a dit M. Bourita, dans une d\u00e9claration \u00e0 la presse apr\u00e8s un entretien avec Mohamed Ould Cheikh El Ghazouani, mercredi \u00e0 Nouakchott.<\/p>\n<p>Le chef de la diplomatie marocaine a expliqu\u00e9 que ces relations se caract\u00e9risent par bien des sp\u00e9cificit\u00e9s sur les plan historique, humain, de la g\u00e9ographique et du destin commun, soulignant que tout cela exige de faire face aux d\u00e9fis auxquels les deux pays sont confront\u00e9s et qu\u2019ils ne peuvent relever qu\u2019ensemble.<\/p>\n<p>Il a rappel\u00e9 l\u2019accord de fraternit\u00e9 et de bon voisinage sign\u00e9 par Nouakchott et Rabat en 1970 et qui, selon lui, rev\u00eat aujourd\u2019hui plus que jamais une importance capitale.<\/p>\n<p>Pour le responsable marocain, il est essentiel aujourd\u2019hui, de profiter des circonstances positives pour activer et dynamiser l\u2019esprit de cet accord et exploiter toutes les possibilit\u00e9s offertes pour hisser les relations vers un partenariat strat\u00e9gique fort.<\/p>\n<p>M. Bourita consid\u00e8re que les deux pays disposent pr\u00e9sentement des m\u00e9canismes et d\u2019un cadre juridique n\u00e9cessaires pour saisir le contexte tr\u00e8s favorable des relations bilat\u00e9rales afin de dynamiser les conventions.<\/p>\n<p>Il s\u2019agit de parvenir \u00e0 des r\u00e9sultats palpables, a-t-il signal\u00e9, pr\u00e9voyant que les prochains jours seront tr\u00e8s positifs \u00e0 cet \u00e9gard.<\/p>\n<\/div>\n<p>Auteur: APA News<br \/>\n<a href=\"https:\/\/www.journalducameroun.com\/le-roi-mohammed-vi-veut-des-relations-extraordinaires-avec-la-mauritanie-ministre\/\">Cliquez ici pour lire l&rsquo;article depuis sa source.<\/a><\/p>\n","protected":false},"excerpt":{"rendered":"<p>Publi\u00e9 le 19.02.2020 \u00e0 22h18 par APA News Le ministre marocain des Affaires \u00e9trang\u00e8res, de la Coop\u00e9ration africaine et des Marocains r\u00e9sidant \u00e0 l\u2019\u00c9tranger, Nasser Bourita, a indiqu\u00e9 avoir transmis au pr\u00e9sident mauritanien la forte volont\u00e9 du Roi Mohammed VI de d\u00e9velopper les relations bilat\u00e9rales au plus haut niveau.La volont\u00e9 de sa Majest\u00e9 est que [&hellip;]<\/p>\n","protected":false},"author":1965,"featured_media":0,"comment_status":"closed","ping_status":"closed","sticky":false,"template":"","format":"standard","meta":{"fifu_image_url":"","fifu_image_alt":"","footnotes":""},"categories":[73,82],"tags":[],"class_list":["post-76605","post","type-post","status-publish","format-standard","hentry","category-actualite","category-cameroun"],"_links":{"self":[{"href":"https:\/\/linitiative.ca\/International\/wp-json\/wp\/v2\/posts\/76605","targetHints":{"allow":["GET"]}}],"collection":[{"href":"https:\/\/linitiative.ca\/International\/wp-json\/wp\/v2\/posts"}],"about":[{"href":"https:\/\/linitiative.ca\/International\/wp-json\/wp\/v2\/types\/post"}],"author":[{"embeddable":true,"href":"https:\/\/linitiative.ca\/International\/wp-json\/wp\/v2\/users\/1965"}],"replies":[{"embeddable":true,"href":"https:\/\/linitiative.ca\/International\/wp-json\/wp\/v2\/comments?post=76605"}],"version-history":[{"count":0,"href":"https:\/\/linitiative.ca\/International\/wp-json\/wp\/v2\/posts\/76605\/revisions"}],"wp:attachment":[{"href":"https:\/\/linitiative.ca\/International\/wp-json\/wp\/v2\/media?parent=76605"}],"wp:term":[{"taxonomy":"category","embeddable":true,"href":"https:\/\/linitiative.ca\/International\/wp-json\/wp\/v2\/categories?post=76605"},{"taxonomy":"post_tag","embeddable":true,"href":"https:\/\/linitiative.ca\/International\/wp-json\/wp\/v2\/tags?post=76605"}],"curies":[{"name":"wp","href":"https:\/\/api.w.org\/{rel}","templated":true}]}}