{"id":76607,"date":"2020-02-19T16:18:07","date_gmt":"2020-02-19T21:18:07","guid":{"rendered":"https:\/\/linitiative.ca\/International\/ouattara-et-les-eveques-sentretiennent-sur-la-reconciliation-en-cote-divoire\/"},"modified":"2020-02-19T16:18:07","modified_gmt":"2020-02-19T21:18:07","slug":"ouattara-et-les-eveques-sentretiennent-sur-la-reconciliation-en-cote-divoire","status":"publish","type":"post","link":"https:\/\/linitiative.ca\/International\/ouattara-et-les-eveques-sentretiennent-sur-la-reconciliation-en-cote-divoire\/","title":{"rendered":"Ouattara et les \u00e9v\u00eaques s\u2019entretiennent sur la  r\u00e9conciliation en C\u00f4te d\u2019Ivoire"},"content":{"rendered":"<div readability=\"32\">\n<p>Publi\u00e9 le 19.02.2020 \u00e0 22h18 par APA News<\/p>\n<\/div>\n<div readability=\"58\">\n<p>Le pr\u00e9sident ivoirien Alassane Ouattara et les \u00e9v\u00eaques de C\u00f4te d\u2019Ivoire se sont entretenus mercredi soir au palais pr\u00e9sidentiel d\u2019Abidjan pendant deux heures d\u2019horloge pour parler de la r\u00e9conciliation \u00ab de tous les ivoiriens\u00bb et de la \u00abmarche du pays\u00bb , a appris APA de source officielle.\u00ab Les \u00e9v\u00eaques se sont retrouv\u00e9s avec le pr\u00e9sident de la R\u00e9publique, d\u2019abord pour le saluer et pour \u00e9changer avec lui sur la marche du pays. Particuli\u00e8rement autour des questions concernant la r\u00e9conciliation de tous les ivoiriens. C\u2019est essentiellement ce qui a fait l\u2019objet de la rencontre avec le pr\u00e9sident de la R\u00e9publique\u00bb, a dit \u00a0Monseigneur Ignace Bessi Dogbo, le pr\u00e9sident de la conf\u00e9rence \u00e9piscopale de C\u00f4te d\u2019Ivoire au terme de cet entretien.<\/p>\n<p>Poursuivant, il a indiqu\u00e9 que \u00ab les \u00e9v\u00eaques sont tr\u00e8s sensibles \u00e0 la r\u00e9conciliation \u00e9tant eux-m\u00eames des ministres ordonn\u00e9s pour la r\u00e9conciliation\u00bb.<\/p>\n<p>Plusieurs \u00e9v\u00eaques dont le Cardinal Jean-Pierre Kutwa, Boniface Ziri, Paul Dakouri et Joseph Ak\u00e9 Bruno ont pris part \u00e0 cette rencontre qui a enregistr\u00e9 \u00e9galement la pr\u00e9sence de plusieurs ministres.<\/p>\n<p>L\u2019\u00e9glise catholique a organis\u00e9 samedi dernier \u00e0 la cath\u00e9drale Saint-Paul d\u2019Abidjan une pri\u00e8re pour que la pr\u00e9sidentielle ivoirienne d\u2019octobre prochain soit apais\u00e9e.<\/p>\n<p>Cette initiative des jeunes de l\u2019archidioc\u00e8se d\u2019Abidjan qui initialement devait \u00eatre une \u00ab marche priante\u00bb pour la paix dans le pays, a finalement \u00e9t\u00e9 transform\u00e9e en une pri\u00e8re dans l\u2019enceinte de la cath\u00e9drale d\u2019Abidjan en raison des \u00ab risques d\u2019infiltration\u00bb par des politiques.<\/p>\n<\/div>\n<p>Auteur: APA News<br \/>\n<a href=\"https:\/\/www.journalducameroun.com\/ouattara-et-les-eveques-sentretiennent-sur-la-reconciliation-en-cote-divoire\/\">Cliquez ici pour lire l&rsquo;article depuis sa source.<\/a><\/p>\n","protected":false},"excerpt":{"rendered":"<p>Publi\u00e9 le 19.02.2020 \u00e0 22h18 par APA News Le pr\u00e9sident ivoirien Alassane Ouattara et les \u00e9v\u00eaques de C\u00f4te d\u2019Ivoire se sont entretenus mercredi soir au palais pr\u00e9sidentiel d\u2019Abidjan pendant deux heures d\u2019horloge pour parler de la r\u00e9conciliation \u00ab de tous les ivoiriens\u00bb et de la \u00abmarche du pays\u00bb , a appris APA de source officielle.\u00ab [&hellip;]<\/p>\n","protected":false},"author":1965,"featured_media":0,"comment_status":"closed","ping_status":"closed","sticky":false,"template":"","format":"standard","meta":{"fifu_image_url":"","fifu_image_alt":"","footnotes":""},"categories":[73,82],"tags":[],"class_list":["post-76607","post","type-post","status-publish","format-standard","hentry","category-actualite","category-cameroun"],"_links":{"self":[{"href":"https:\/\/linitiative.ca\/International\/wp-json\/wp\/v2\/posts\/76607","targetHints":{"allow":["GET"]}}],"collection":[{"href":"https:\/\/linitiative.ca\/International\/wp-json\/wp\/v2\/posts"}],"about":[{"href":"https:\/\/linitiative.ca\/International\/wp-json\/wp\/v2\/types\/post"}],"author":[{"embeddable":true,"href":"https:\/\/linitiative.ca\/International\/wp-json\/wp\/v2\/users\/1965"}],"replies":[{"embeddable":true,"href":"https:\/\/linitiative.ca\/International\/wp-json\/wp\/v2\/comments?post=76607"}],"version-history":[{"count":0,"href":"https:\/\/linitiative.ca\/International\/wp-json\/wp\/v2\/posts\/76607\/revisions"}],"wp:attachment":[{"href":"https:\/\/linitiative.ca\/International\/wp-json\/wp\/v2\/media?parent=76607"}],"wp:term":[{"taxonomy":"category","embeddable":true,"href":"https:\/\/linitiative.ca\/International\/wp-json\/wp\/v2\/categories?post=76607"},{"taxonomy":"post_tag","embeddable":true,"href":"https:\/\/linitiative.ca\/International\/wp-json\/wp\/v2\/tags?post=76607"}],"curies":[{"name":"wp","href":"https:\/\/api.w.org\/{rel}","templated":true}]}}