{"id":76625,"date":"2020-02-20T13:04:11","date_gmt":"2020-02-20T18:04:11","guid":{"rendered":"https:\/\/linitiative.ca\/International\/tlemcen-17-musees-nationaux-a-la-4eme-edition-du-salon-national-des-musees\/"},"modified":"2020-02-20T13:04:11","modified_gmt":"2020-02-20T18:04:11","slug":"tlemcen-17-musees-nationaux-a-la-4eme-edition-du-salon-national-des-musees","status":"publish","type":"post","link":"https:\/\/linitiative.ca\/International\/tlemcen-17-musees-nationaux-a-la-4eme-edition-du-salon-national-des-musees\/","title":{"rendered":"Tlemcen : 17 mus\u00e9es nationaux \u00e0 la 4eme \u00e9dition du Salon national des mus\u00e9es"},"content":{"rendered":"<div readability=\"36\">\n<p><strong>TLEMCEN- Dix-sept (17) mus\u00e9es nationaux prendront part du 23 au 26 f\u00e9vrier \u00e0 la quatri\u00e8me \u00e9dition du Salon national des mus\u00e9es, organis\u00e9e par le Mus\u00e9e public national d&rsquo;arch\u00e9ologie islamique de la ville de Tlemcen, a-t-on appris jeudi de la responsable du mus\u00e9e.<\/strong><\/p>\n<\/div>\n<div readability=\"68.5274725275\">\n<p>Plac\u00e9e sous le slogan : \u00ab\u00a0Les mus\u00e9es nationaux visitent la capitale des Zianides\u00a0\u00bb, la nouvelle \u00e9dition du salon national mettra en valeur les diff\u00e9rentes collections relevant du patrimoine culturel national mat\u00e9riel et immat\u00e9riel.<\/p>\n<blockquote readability=\"13\">\n<p><strong><em>Pour ce faire, de prestigieux mus\u00e9es nationaux vont prendre part \u00e0 cette manifestation mus\u00e9ale par le biais de laquelle \u00ab\u00a0le public tlemcenien d\u00e9couvrira d&rsquo;une part, les multiples tr\u00e9sors et richesses culturelles et patrimoniales que rec\u00e8le l&rsquo;Alg\u00e9rie et de renforcer, d&rsquo;autre part, les \u00e9changes d&rsquo;exp\u00e9rience scientifiques inter-mus\u00e9es\u00a0\u00bb, a expliqu\u00e9 Faiza Benallal.<\/em><\/strong><\/p>\n<\/blockquote>\n<p>Il s&rsquo;agit des Mus\u00e9es publics des arts et des expressions culturelles traditionnelles de Constantine, de S\u00e9tif , d&rsquo;Ain Defla, le Bardo d&rsquo;Alger, de Mostaganem, de l&rsquo;\u00e9mir Abdelkader de Miliana, Zabana de Golea, du Centre alg\u00e9rien du patrimoine b\u00e2ti en terre de Timimoune, de T\u00e9bessa, de Cherchell, d&rsquo;Oran en plus des mus\u00e9es de Tlemcen, .<\/p>\n<hr\/>\n<h3>Lire aussi: <a href=\"http:\/\/www.aps.dz\/culture\/99790-musee-ahmed-zabana-d-oran-hausse-du-nombre-de-visiteurs-etrangers-en-2019\" target=\"_blank\" rel=\"noopener noreferrer\">Mus\u00e9e Ahmed Zabana d\u2019Oran : hausse du nombre de visiteurs \u00e9trangers en 2019<\/a><\/h3>\n<hr\/>\n<p>En plus des expositions, des ateliers p\u00e9dagogiques au profit des \u00e9coles primaires de Tlemcen, des personnes aux besoins sp\u00e9cifiques en plus d&rsquo;orphelins, sont au programme dans le but d&rsquo;inculquer \u00e0 ces cat\u00e9gories une culture mus\u00e9ale et leur faire prendre conscience de la richesse patrimoniale qu&rsquo;il faut imp\u00e9rativement pr\u00e9server, a-t-on ajout\u00e9.<\/p>\n<p>La nouvelle \u00e9dition, selon la m\u00eame source, pr\u00e9voit \u00e9galement des sessions de formation au profit des cadres des mus\u00e9es dans les domaines de l&rsquo;entretien et la restauration des sites arch\u00e9ologiques, qui seront encadr\u00e9s par des experts.<\/p>\n<\/div>\n<p>Auteur:<br \/>\n<a href=\"http:\/\/www.aps.dz\/culture\/101939-tlemcen-17-musees-nationaux-a-la-4eme-edition-du-salon-national-des-musees\">Cliquez ici pour lire l&rsquo;article depuis sa source.<\/a><\/p>\n","protected":false},"excerpt":{"rendered":"<p>TLEMCEN- Dix-sept (17) mus\u00e9es nationaux prendront part du 23 au 26 f\u00e9vrier \u00e0 la quatri\u00e8me \u00e9dition du Salon national des mus\u00e9es, organis\u00e9e par le Mus\u00e9e public national d&rsquo;arch\u00e9ologie islamique de la ville de Tlemcen, a-t-on appris jeudi de la responsable du mus\u00e9e. Plac\u00e9e sous le slogan : \u00ab\u00a0Les mus\u00e9es nationaux visitent la capitale des Zianides\u00a0\u00bb, [&hellip;]<\/p>\n","protected":false},"author":1790,"featured_media":0,"comment_status":"closed","ping_status":"closed","sticky":false,"template":"","format":"standard","meta":{"fifu_image_url":"","fifu_image_alt":"","footnotes":""},"categories":[53,79],"tags":[],"class_list":["post-76625","post","type-post","status-publish","format-standard","hentry","category-algerie","category-culture"],"_links":{"self":[{"href":"https:\/\/linitiative.ca\/International\/wp-json\/wp\/v2\/posts\/76625","targetHints":{"allow":["GET"]}}],"collection":[{"href":"https:\/\/linitiative.ca\/International\/wp-json\/wp\/v2\/posts"}],"about":[{"href":"https:\/\/linitiative.ca\/International\/wp-json\/wp\/v2\/types\/post"}],"author":[{"embeddable":true,"href":"https:\/\/linitiative.ca\/International\/wp-json\/wp\/v2\/users\/1790"}],"replies":[{"embeddable":true,"href":"https:\/\/linitiative.ca\/International\/wp-json\/wp\/v2\/comments?post=76625"}],"version-history":[{"count":0,"href":"https:\/\/linitiative.ca\/International\/wp-json\/wp\/v2\/posts\/76625\/revisions"}],"wp:attachment":[{"href":"https:\/\/linitiative.ca\/International\/wp-json\/wp\/v2\/media?parent=76625"}],"wp:term":[{"taxonomy":"category","embeddable":true,"href":"https:\/\/linitiative.ca\/International\/wp-json\/wp\/v2\/categories?post=76625"},{"taxonomy":"post_tag","embeddable":true,"href":"https:\/\/linitiative.ca\/International\/wp-json\/wp\/v2\/tags?post=76625"}],"curies":[{"name":"wp","href":"https:\/\/api.w.org\/{rel}","templated":true}]}}