{"id":76626,"date":"2020-02-20T13:04:30","date_gmt":"2020-02-20T18:04:30","guid":{"rendered":"https:\/\/linitiative.ca\/International\/tizi-ouzou-hommage-a-djedjiga-bourai-gardienne-de-la-poesie-et-des-chants-traditionnels\/"},"modified":"2020-02-20T13:04:30","modified_gmt":"2020-02-20T18:04:30","slug":"tizi-ouzou-hommage-a-djedjiga-bourai-gardienne-de-la-poesie-et-des-chants-traditionnels","status":"publish","type":"post","link":"https:\/\/linitiative.ca\/International\/tizi-ouzou-hommage-a-djedjiga-bourai-gardienne-de-la-poesie-et-des-chants-traditionnels\/","title":{"rendered":"Tizi-Ouzou: hommage \u00e0 Djedjiga Bourai, gardienne de la po\u00e9sie et des chants traditionnels"},"content":{"rendered":"<div>\n<div class=\"K2FeedIntroText\">\n<p><strong>TIZI-OUZOU &#8211; Un hommage a \u00e9t\u00e9 rendu jeudi \u00e0 la conteuse et interpr\u00e8te de chants traditionnels kabyles, \u00ab\u00a0Ichwiqen\u00a0\u00bb, Djedjiga Bourai, par la direction de la culture de Tizi-Ouzou, pour son r\u00f4le dans la pr\u00e9servation de ce patrimoine culturel immat\u00e9riel.<\/strong><\/p>\n<\/div>\n<div class=\"K2FeedFullText\">\n<p>L&rsquo;hommage rentre dans le cadre de la c\u00e9l\u00e9bration de la journ\u00e9e internationale de la langue maternelle (21 f\u00e9vrier) organis\u00e9 en collaboration avec la direction locale de l\u2019Education nationale et l\u2019Inspection de la langue Amazighe.<\/p>\n<p>La directrice de la culture de Tizi Ouzou a rappel\u00e9, \u00e0 cette occasion, le r\u00f4le de Mme Bourai dans la pr\u00e9servation de Tamazight en tant que langue et culture par l&rsquo;animation de nombreux ateliers de conte, des Ichwiqen et de r\u00e9citals po\u00e9tiques \u00e0 Tizi-Ouzou et dans d\u2019autres wilayas.<\/p>\n<p>Mme Bourai, 58 ans, originaire de la commune de Yakourene, a gratifi\u00e9 les organisateurs de son hommage et l\u2019assistance pr\u00e9sente \u00e0 la salle des spectacles de la maison de la culture Mouloud Mammeri, avec un Achewiq interpr\u00e9t\u00e9 d&rsquo;une voix grave et chaude, rendant ainsi \u00e0 son tour, hommage \u00e0 toutes les femmes, notamment ses a\u00efeules qui lui ont transmis ce patrimoine immat\u00e9riel qui v\u00e9hicule une identit\u00e9 et une langue maternelle.<\/p>\n<p>\u00ab\u00a0J\u2019ai dis \u00e0 ma m\u00e8re qui est une interpr\u00e8te de chants traditionnels, que j\u2019ai appris Achewiq lorsque j\u2019\u00e9tais encore dans son ventre\u00a0\u00bb, s\u2019est elle confi\u00e9 \u00e0 l\u2019APS pour exprimer sa relation ombilicale avec le chant et la po\u00e9sie.<\/p>\n<p>Elle a relev\u00e9 encore que les chants, les po\u00e8mes et les contes, l\u2019ont accompagn\u00e9 depuis sa tendre enfance jusqu&rsquo;\u00e0 devenir un vecteur et m\u00eame une productrice de ce patrimoine, ayant compos\u00e9 elle-m\u00eame plusieurs po\u00e8mes sur diff\u00e9rentes situation de la vie quotidienne.<\/p>\n<p>\u00ab\u00a0Chez nous la femme chante tout le temps seule ou en groupe, lorsqu\u2019elle est heureuse comme dans les f\u00eates et rituels, lorsqu\u2019elle berce son enfants, sur son chemin vers la fontaine, lors de la cueillette des olives et des travaux des champs, La femme kabyle exprime sa fiert\u00e9 \u00e9galement par Achewiq comme fut le cas pour la glorieuse guerre de lib\u00e9rerion nationale\u00a0\u00bb, a-t-elle dit.<\/p>\n<p>Quand elle est triste, la femme kabyle s&rsquo;exprime \u00e9galement par le chant et aussi quand elle est touch\u00e9e par la mis\u00e8re ou la perte d&rsquo;un \u00eatre cher, mais aussi quand elle ressent l\u2019injustice, a ajout\u00e9 la chanteuse.<\/p>\n<p>Le r\u00eave de Djedjiga Bourai aujourd\u2019hui est d\u2019\u00e9diter ses propres chants et po\u00e8mes ainsi que les chants traditionnels de sa r\u00e9gion Yakourene.<\/p>\n<p>A l&rsquo;occasion de cet hommage, d\u2019autres activit\u00e9s ont \u00e9t\u00e9 organis\u00e9es, dont la projection d\u2019un film documentaire \u00ab\u00a0Tallit taqburt\u00a0\u00bb, une pr\u00e9sentation d\u2019une activit\u00e9 ancestrale \u00ab\u00a0talezazt\u00a0\u00bb (la vannerie), et des activit\u00e9s artistiques (chorale, r\u00e9citals po\u00e9tiques, d\u00e9fil\u00e9 de mode, achewiq) anim\u00e9s par des \u00e9l\u00e8ves du CEM Mouloud Feraoun du chef lieu de la wilaya et plusieurs autres \u00e9tablissements moyens de Tizi Ouzou.<\/p>\n<\/div>\n<\/div>\n<p>Auteur:<br \/>\n<a href=\"http:\/\/www.aps.dz\/culture\/101953-tizi-ouzou-hommage-a-djedjiga-bourai-gardienne-de-la-poesie-et-des-chants-traditionnels\">Cliquez ici pour lire l&rsquo;article depuis sa source.<\/a><\/p>\n","protected":false},"excerpt":{"rendered":"<p>TIZI-OUZOU &#8211; Un hommage a \u00e9t\u00e9 rendu jeudi \u00e0 la conteuse et interpr\u00e8te de chants traditionnels kabyles, \u00ab\u00a0Ichwiqen\u00a0\u00bb, Djedjiga Bourai, par la direction de la culture de Tizi-Ouzou, pour son r\u00f4le dans la pr\u00e9servation de ce patrimoine culturel immat\u00e9riel. L&rsquo;hommage rentre dans le cadre de la c\u00e9l\u00e9bration de la journ\u00e9e internationale de la langue maternelle [&hellip;]<\/p>\n","protected":false},"author":1790,"featured_media":0,"comment_status":"closed","ping_status":"closed","sticky":false,"template":"","format":"standard","meta":{"fifu_image_url":"","fifu_image_alt":"","footnotes":""},"categories":[53,79],"tags":[],"class_list":["post-76626","post","type-post","status-publish","format-standard","hentry","category-algerie","category-culture"],"_links":{"self":[{"href":"https:\/\/linitiative.ca\/International\/wp-json\/wp\/v2\/posts\/76626","targetHints":{"allow":["GET"]}}],"collection":[{"href":"https:\/\/linitiative.ca\/International\/wp-json\/wp\/v2\/posts"}],"about":[{"href":"https:\/\/linitiative.ca\/International\/wp-json\/wp\/v2\/types\/post"}],"author":[{"embeddable":true,"href":"https:\/\/linitiative.ca\/International\/wp-json\/wp\/v2\/users\/1790"}],"replies":[{"embeddable":true,"href":"https:\/\/linitiative.ca\/International\/wp-json\/wp\/v2\/comments?post=76626"}],"version-history":[{"count":0,"href":"https:\/\/linitiative.ca\/International\/wp-json\/wp\/v2\/posts\/76626\/revisions"}],"wp:attachment":[{"href":"https:\/\/linitiative.ca\/International\/wp-json\/wp\/v2\/media?parent=76626"}],"wp:term":[{"taxonomy":"category","embeddable":true,"href":"https:\/\/linitiative.ca\/International\/wp-json\/wp\/v2\/categories?post=76626"},{"taxonomy":"post_tag","embeddable":true,"href":"https:\/\/linitiative.ca\/International\/wp-json\/wp\/v2\/tags?post=76626"}],"curies":[{"name":"wp","href":"https:\/\/api.w.org\/{rel}","templated":true}]}}