{"id":76632,"date":"2020-02-19T18:38:30","date_gmt":"2020-02-19T23:38:30","guid":{"rendered":"https:\/\/linitiative.ca\/International\/le-maroc-et-le-fmi-un-partenariat-solide-et-fructueux\/"},"modified":"2020-02-19T18:38:30","modified_gmt":"2020-02-19T23:38:30","slug":"le-maroc-et-le-fmi-un-partenariat-solide-et-fructueux","status":"publish","type":"post","link":"https:\/\/linitiative.ca\/International\/le-maroc-et-le-fmi-un-partenariat-solide-et-fructueux\/","title":{"rendered":"Le Maroc et le FMI, un partenariat solide et fructueux"},"content":{"rendered":"<div class=\"single-featured\"><img alt=\"\" data-src=\"http:\/\/www.mapmarrakech.ma\/map\/uploads\/2020\/02\/Marocfmi-copier.jpg\"\/><\/div>\n<div class=\"single-post-excerpt post-excerpt-bc\" readability=\"37\">\n<p>Marrakech \u2013 La Directrice G\u00e9n\u00e9rale du Fonds mon\u00e9taire international (FMI), Mme Kristalina Georgieva, a mis en avant mardi \u00e0 Marrakech, le partenariat solide et fructueux liant le Maroc et le FMI.<\/p>\n<\/div>\n<div class=\"entry-content clearfix single-post-content\" readability=\"63\">\n<p>\u00ab\u00a0Le Maroc et le FMI sont li\u00e9s par un partenariat tr\u00e8s solide\u00a0\u00bb, s\u2019est f\u00e9licit\u00e9e Mme Georgieva dans une d\u00e9claration \u00e0 la presse \u00e0 l\u2019issue de sa visite \u00e0 l\u2019\u00e9cole Riad Zitoun, qui a b\u00e9n\u00e9fici\u00e9 d\u2019un don accord\u00e9 par cette institution financi\u00e8re internationale.<\/p>\n<p>A cette occasion, Mme Georgieva a mis en relief les r\u00e9formes importantes adopt\u00e9es par le Royaume pour rendre son \u00e9conomie plus inclusive au profit de son d\u00e9veloppement socio-\u00e9conomique, affirmant que le FMI soutient le Maroc et appuie l\u2019ensemble des r\u00e9formes entreprises.<\/p>\n<p>Par ailleurs, elle a salu\u00e9 le choix du Maroc pour abriter l\u2019Assembl\u00e9e annuelle du FMI et de la Banque mondiale qui se tiendra en 2021 \u00e0 Marrakech.<\/p>\n<p>\u00ab\u00a0Apr\u00e8s plusieurs ann\u00e9es enfin cet \u00e9v\u00e9nement sera organis\u00e9 sur le sol africain\u00a0\u00bb, s\u2019est-elle f\u00e9licit\u00e9e, soulignant que le Maroc a \u00e9t\u00e9 choisi pour son histoire, sa culture et son dynamisme \u00e9conomique.<\/p>\n<p>Gr\u00e2ce \u00e0 cet \u00e9v\u00e9nement Marrakech deviendra une capitale \u00e9conomique et financi\u00e8re mondiale, a-t-elle relev\u00e9, se disant tr\u00e8s satisfaite de l\u2019\u00e9tat d\u2019avancement des pr\u00e9paratifs de cette manifestation d\u2019envergure internationale.<\/p>\n<p>En outre, elle a indiqu\u00e9 que cette visite constitue une vraie opportunit\u00e9 pour d\u00e9couvrir de pr\u00e8s et conna\u00eetre davantage le Maroc et la g\u00e9n\u00e9rosit\u00e9 des marocains.<\/p>\n<\/div>\n<p>Auteur: Meriem IGASS<br \/>\n<a href=\"http:\/\/www.mapmarrakech.ma\/fr\/le-maroc-et-le-fmi-un-partenariat-solide-et-fructueux\/\">Cliquez ici pour lire l&rsquo;article depuis sa source.<\/a><\/p>\n","protected":false},"excerpt":{"rendered":"<p>Marrakech \u2013 La Directrice G\u00e9n\u00e9rale du Fonds mon\u00e9taire international (FMI), Mme Kristalina Georgieva, a mis en avant mardi \u00e0 Marrakech, le partenariat solide et fructueux liant le Maroc et le FMI. \u00ab\u00a0Le Maroc et le FMI sont li\u00e9s par un partenariat tr\u00e8s solide\u00a0\u00bb, s\u2019est f\u00e9licit\u00e9e Mme Georgieva dans une d\u00e9claration \u00e0 la presse \u00e0 l\u2019issue [&hellip;]<\/p>\n","protected":false},"author":1788,"featured_media":76633,"comment_status":"closed","ping_status":"closed","sticky":false,"template":"","format":"standard","meta":{"fifu_image_url":"","fifu_image_alt":"","footnotes":""},"categories":[54,76],"tags":[],"class_list":["post-76632","post","type-post","status-publish","format-standard","has-post-thumbnail","hentry","category-maroc","category-regions"],"_links":{"self":[{"href":"https:\/\/linitiative.ca\/International\/wp-json\/wp\/v2\/posts\/76632","targetHints":{"allow":["GET"]}}],"collection":[{"href":"https:\/\/linitiative.ca\/International\/wp-json\/wp\/v2\/posts"}],"about":[{"href":"https:\/\/linitiative.ca\/International\/wp-json\/wp\/v2\/types\/post"}],"author":[{"embeddable":true,"href":"https:\/\/linitiative.ca\/International\/wp-json\/wp\/v2\/users\/1788"}],"replies":[{"embeddable":true,"href":"https:\/\/linitiative.ca\/International\/wp-json\/wp\/v2\/comments?post=76632"}],"version-history":[{"count":0,"href":"https:\/\/linitiative.ca\/International\/wp-json\/wp\/v2\/posts\/76632\/revisions"}],"wp:featuredmedia":[{"embeddable":true,"href":"https:\/\/linitiative.ca\/International\/wp-json\/"}],"wp:attachment":[{"href":"https:\/\/linitiative.ca\/International\/wp-json\/wp\/v2\/media?parent=76632"}],"wp:term":[{"taxonomy":"category","embeddable":true,"href":"https:\/\/linitiative.ca\/International\/wp-json\/wp\/v2\/categories?post=76632"},{"taxonomy":"post_tag","embeddable":true,"href":"https:\/\/linitiative.ca\/International\/wp-json\/wp\/v2\/tags?post=76632"}],"curies":[{"name":"wp","href":"https:\/\/api.w.org\/{rel}","templated":true}]}}