{"id":76634,"date":"2020-02-19T19:04:23","date_gmt":"2020-02-20T00:04:23","guid":{"rendered":"https:\/\/linitiative.ca\/International\/le-fmi-confiant-dans-lorganisation-des-assemblees-fmi-bm\/"},"modified":"2020-02-19T19:04:23","modified_gmt":"2020-02-20T00:04:23","slug":"le-fmi-confiant-dans-lorganisation-des-assemblees-fmi-bm","status":"publish","type":"post","link":"https:\/\/linitiative.ca\/International\/le-fmi-confiant-dans-lorganisation-des-assemblees-fmi-bm\/","title":{"rendered":"Le FMI confiant dans l\u2019organisation des assembl\u00e9es FMI-BM"},"content":{"rendered":"<div readability=\"37\">\n<p>Marrakech \u2013 La Directrice G\u00e9n\u00e9rale du Fonds Mon\u00e9taire International (FMI), Mme Kristalina Georgieva a exprim\u00e9, mardi \u00e0 Marrakech, sa confiance dans la r\u00e9ussite de l\u2019organisation des assembl\u00e9es annuelles du FMI et de la Banque Mondiale (BM) en 2021 dans la cit\u00e9 ocre.<\/p>\n<\/div>\n<div readability=\"81\">\n<p>\u00ab\u00a0Le Maroc r\u00e9ussira cet \u00e9v\u00e9nement important, eu \u00e9gard \u00e0 sa grande exp\u00e9rience accumul\u00e9e dans ce domaine\u00a0\u00bb, a soulign\u00e9 Mme Georgieva lors de ses entretiens avec le wali de la R\u00e9gion Marrakech-Safi, gouverneur de la pr\u00e9fecture de Marrakech, Karim Kassi-Lahlou, selon un communiqu\u00e9 de la wilaya de Marrakech parvenu \u00e0 la MAP.<\/p>\n<p>A cette occasion, Mme Georgieva a salu\u00e9 le progr\u00e8s que conna\u00eet le Royaume dans divers secteurs prometteurs, ainsi que l\u2019ensemble des initiatives qui visent l\u2019insertion socio-\u00e9conomique des jeunes et des femmes, consid\u00e9r\u00e9s comme un levier de d\u00e9veloppement pour la soci\u00e9t\u00e9.<\/p>\n<p>La DG du FMI a, en outre, exprim\u00e9 son immense joie de se rendre \u00e0 Marrakech pour la premi\u00e8re fois apr\u00e8s sa nomination \u00e0 la t\u00eate du Fonds Mon\u00e9taire International.<\/p>\n<p>De son c\u00f4t\u00e9, M. Kassi-Lahlou a mis en avant les potentialit\u00e9s \u00e9conomiques importantes dont regorge la ville ocre, ainsi que les diff\u00e9rentes initiatives prises afin d\u2019instaurer un climat appropri\u00e9 en faveur de l\u2019investissement productif et ce, \u00e0 m\u00eame d\u2019offrir davantage de postes d\u2019emploi et de promouvoir l\u2019insertion sociale des diff\u00e9rentes cat\u00e9gories, notamment les jeunes.<\/p>\n<p>Dans ce sens, le wali a mis l\u2019accent sur le programme int\u00e9gr\u00e9 d\u2019appui et de financement des entreprises, mis en oeuvre en application des Hautes Instructions Royales visant l\u2019appui des jeunes dipl\u00f4m\u00e9s porteurs de projets et des petites et moyennes entreprises (PME), en leur facilitant l\u2019acc\u00e8s au financement, ainsi que l\u2019aide des professionnels du secteur informe en vue de leur insertion \u00e9conomique et professionnelle.<\/p>\n<p>Par ailleurs, il a r\u00e9affirm\u00e9 la capacit\u00e9 de Marrakech, qui a abrit\u00e9 les plus grandes manifestations internationales, \u00e0 r\u00e9ussir cet \u00e9v\u00e9nement phare, ainsi que l\u2019implication et l\u2019engagement de l\u2019ensemble des autorit\u00e9s locales et des \u00e9lus dans ce sens.<\/p>\n<p>Cette rencontre s\u2019inscrit dans le cadre des pr\u00e9paratifs aux assembl\u00e9es annuelles du FMI et de la Banque Mondiale pr\u00e9vues en 2021 \u00e0 Marrakech.<\/p>\n<\/div>\n<p>Auteur: Meriem IGASS<br \/>\n<a href=\"http:\/\/www.mapmarrakech.ma\/fr\/la-dg-du-fmi-confiante-dans-la-reussite-de-lorganisation-fmi-bm\/\">Cliquez ici pour lire l&rsquo;article depuis sa source.<\/a><\/p>\n","protected":false},"excerpt":{"rendered":"<p>Marrakech \u2013 La Directrice G\u00e9n\u00e9rale du Fonds Mon\u00e9taire International (FMI), Mme Kristalina Georgieva a exprim\u00e9, mardi \u00e0 Marrakech, sa confiance dans la r\u00e9ussite de l\u2019organisation des assembl\u00e9es annuelles du FMI et de la Banque Mondiale (BM) en 2021 dans la cit\u00e9 ocre. \u00ab\u00a0Le Maroc r\u00e9ussira cet \u00e9v\u00e9nement important, eu \u00e9gard \u00e0 sa grande exp\u00e9rience accumul\u00e9e [&hellip;]<\/p>\n","protected":false},"author":1788,"featured_media":0,"comment_status":"closed","ping_status":"closed","sticky":false,"template":"","format":"standard","meta":{"fifu_image_url":"","fifu_image_alt":"","footnotes":""},"categories":[54,76],"tags":[],"class_list":["post-76634","post","type-post","status-publish","format-standard","hentry","category-maroc","category-regions"],"_links":{"self":[{"href":"https:\/\/linitiative.ca\/International\/wp-json\/wp\/v2\/posts\/76634","targetHints":{"allow":["GET"]}}],"collection":[{"href":"https:\/\/linitiative.ca\/International\/wp-json\/wp\/v2\/posts"}],"about":[{"href":"https:\/\/linitiative.ca\/International\/wp-json\/wp\/v2\/types\/post"}],"author":[{"embeddable":true,"href":"https:\/\/linitiative.ca\/International\/wp-json\/wp\/v2\/users\/1788"}],"replies":[{"embeddable":true,"href":"https:\/\/linitiative.ca\/International\/wp-json\/wp\/v2\/comments?post=76634"}],"version-history":[{"count":0,"href":"https:\/\/linitiative.ca\/International\/wp-json\/wp\/v2\/posts\/76634\/revisions"}],"wp:attachment":[{"href":"https:\/\/linitiative.ca\/International\/wp-json\/wp\/v2\/media?parent=76634"}],"wp:term":[{"taxonomy":"category","embeddable":true,"href":"https:\/\/linitiative.ca\/International\/wp-json\/wp\/v2\/categories?post=76634"},{"taxonomy":"post_tag","embeddable":true,"href":"https:\/\/linitiative.ca\/International\/wp-json\/wp\/v2\/tags?post=76634"}],"curies":[{"name":"wp","href":"https:\/\/api.w.org\/{rel}","templated":true}]}}