{"id":76637,"date":"2020-02-20T10:45:01","date_gmt":"2020-02-20T15:45:01","guid":{"rendered":"https:\/\/linitiative.ca\/International\/lancement-dune-plateforme-electronique-au-profit-de-la-population\/"},"modified":"2020-02-20T10:45:01","modified_gmt":"2020-02-20T15:45:01","slug":"lancement-dune-plateforme-electronique-au-profit-de-la-population","status":"publish","type":"post","link":"https:\/\/linitiative.ca\/International\/lancement-dune-plateforme-electronique-au-profit-de-la-population\/","title":{"rendered":"Lancement d\u2019une plateforme \u00e9lectronique au profit de la population"},"content":{"rendered":"<div readability=\"37\">\n<p>Benguerir (province de Rehamna) \u2013 La commune de Benguerir vient de lancer, jeudi, une plateforme \u00e9lectronique (villebenguerir.ma), avec comme objectif de renforcer les liens de communication et de rapprocher les citoyens des diff\u00e9rents services offerts par cette instance \u00e9lue.<\/p>\n<\/div>\n<div readability=\"103\">\n<p>La cr\u00e9ation de ce portail \u00e9lectronique s\u2019inscrit dans le cadre d\u2019une s\u00e9rie de projets en cours de mise en \u0153uvre par le Conseil communal notamment, ceux relatifs \u00e0 la garantie du droit des citoyens \u00e0 l\u2019acc\u00e8s \u00e0 l\u2019information de fa\u00e7on \u00e0 renforcer les principes de transparence et de reddition des comptes.<\/p>\n<p>Cette plateforme offre aux visiteurs, des informations sur la ville de Benguerir, le conseil communal (structure, activit\u00e9s et plan d\u2019action), les partenariats conclus aux niveaux local et international, les projets r\u00e9alis\u00e9s, ceux en cours de r\u00e9alisation ou programm\u00e9s, outre les services qui int\u00e9ressent directement le citoyen.<\/p>\n<p>Ce portail \u00e9lectronique permet aussi de prendre connaissance des diff\u00e9rents rapports techniques et financiers de la commune, des appels d\u2019offre, ainsi que des march\u00e9s publics du Conseil, d\u2019avoir acc\u00e8s aux diff\u00e9rents rapports des r\u00e9unions des commissions techniques, et de suivre les sessions du Conseil communal ainsi que les diff\u00e9rentes activit\u00e9s et divers services relatifs \u00e0 la gestion de la chose locale.<\/p>\n<p>Cet espace interactif permet \u00e9galement aux citoyens de communiquer avec la commune \u00e0 travers le service \u00ab\u00a0Allo al Mouattine\u00a0\u00bb (service d\u2019\u00e9lectricit\u00e9, propret\u00e9, les terrains et centres de proximit\u00e9, les ambulances, transfert des d\u00e9pouilles et des malades souffrant d\u2019insuffisance r\u00e9nale), en plus d\u2019un contact fluide et pratique avec le guichet unique d\u2019urbanisme, le service d\u2019hygi\u00e8ne, la police administrative, les services d\u2019\u00e9tat civil et celui de la l\u00e9galisation de signature.<\/p>\n<p>Dans une allocution de circonstance \u00e0 l\u2019occasion du lancement de ce portail \u00e9lectronique, le pr\u00e9sident de la commune de Bengu\u00e9rir, Abdelati Bouchrit, a indiqu\u00e9 que la mise en ligne de cette plateforme \u00e9lectronique est le fruit d\u2019efforts consentis par toutes les composantes de la commune, ses partenaires internes et externes.<\/p>\n<p>Et d\u2019ajouter que cette plateforme intervient dans le contexte de la mise en \u0153uvre des Hautes Instructions Royales visant \u00e0 \u00e9tablir une communication permanente avec les citoyens, \u00e0 rapprocher les services, et \u00e0 organiser l\u2019accueil, l\u2019\u00e9coute et la r\u00e9ception et gestion des plaintes dans des d\u00e9lais raisonnables et ce, conform\u00e9ment aux dispositions des lois et proc\u00e9dures en vigueur.<\/p>\n<p>La cr\u00e9ation de cette plateforme \u00e9lectronique co\u00efncide avec le chantier de la r\u00e9forme de l\u2019administration men\u00e9 par le Maroc et le projet de d\u00e9mat\u00e9rialisation des services administratifs, dont l\u2019obtention des documents et des autorisations de construction, le syst\u00e8me de gestion int\u00e9gr\u00e9e des d\u00e9penses dans le cadre de la mise en \u0153uvre de la r\u00e9gionalisation avanc\u00e9e, ainsi qu\u2019avec les recommandations \u00e9mises au terme des premi\u00e8res Assises Nationales de la R\u00e9gionalisation avanc\u00e9e tenues r\u00e9cemment \u00e0 Agadir.<\/p>\n<p>En cr\u00e9ant cette plateforme \u00e9lectronique, la commune de Bengu\u00e9rir vise ainsi, \u00e0 associer les populations aux efforts de gestion de la chose locale selon une approche participative, afin de faire aboutir le projet dit : \u00ab\u00a0commune citoyenne\u00a0\u00bb au service de ses habitants.<\/p>\n<\/div>\n<p>Auteur: Meriem IGASS<br \/>\n<a href=\"http:\/\/www.mapmarrakech.ma\/fr\/lancement-dune-plateforme-electronique-au-profit-de-la-population-locale\/\">Cliquez ici pour lire l&rsquo;article depuis sa source.<\/a><\/p>\n","protected":false},"excerpt":{"rendered":"<p>Benguerir (province de Rehamna) \u2013 La commune de Benguerir vient de lancer, jeudi, une plateforme \u00e9lectronique (villebenguerir.ma), avec comme objectif de renforcer les liens de communication et de rapprocher les citoyens des diff\u00e9rents services offerts par cette instance \u00e9lue. La cr\u00e9ation de ce portail \u00e9lectronique s\u2019inscrit dans le cadre d\u2019une s\u00e9rie de projets en cours [&hellip;]<\/p>\n","protected":false},"author":1788,"featured_media":0,"comment_status":"closed","ping_status":"closed","sticky":false,"template":"","format":"standard","meta":{"fifu_image_url":"","fifu_image_alt":"","footnotes":""},"categories":[54,76],"tags":[],"class_list":["post-76637","post","type-post","status-publish","format-standard","hentry","category-maroc","category-regions"],"_links":{"self":[{"href":"https:\/\/linitiative.ca\/International\/wp-json\/wp\/v2\/posts\/76637","targetHints":{"allow":["GET"]}}],"collection":[{"href":"https:\/\/linitiative.ca\/International\/wp-json\/wp\/v2\/posts"}],"about":[{"href":"https:\/\/linitiative.ca\/International\/wp-json\/wp\/v2\/types\/post"}],"author":[{"embeddable":true,"href":"https:\/\/linitiative.ca\/International\/wp-json\/wp\/v2\/users\/1788"}],"replies":[{"embeddable":true,"href":"https:\/\/linitiative.ca\/International\/wp-json\/wp\/v2\/comments?post=76637"}],"version-history":[{"count":0,"href":"https:\/\/linitiative.ca\/International\/wp-json\/wp\/v2\/posts\/76637\/revisions"}],"wp:attachment":[{"href":"https:\/\/linitiative.ca\/International\/wp-json\/wp\/v2\/media?parent=76637"}],"wp:term":[{"taxonomy":"category","embeddable":true,"href":"https:\/\/linitiative.ca\/International\/wp-json\/wp\/v2\/categories?post=76637"},{"taxonomy":"post_tag","embeddable":true,"href":"https:\/\/linitiative.ca\/International\/wp-json\/wp\/v2\/tags?post=76637"}],"curies":[{"name":"wp","href":"https:\/\/api.w.org\/{rel}","templated":true}]}}