{"id":76641,"date":"2020-02-20T08:10:48","date_gmt":"2020-02-20T13:10:48","guid":{"rendered":"https:\/\/linitiative.ca\/International\/aeroport-doujda-hausse-de-plus-de-7-du-trafic-passagers\/"},"modified":"2020-02-20T08:10:48","modified_gmt":"2020-02-20T13:10:48","slug":"aeroport-doujda-hausse-de-plus-de-7-du-trafic-passagers","status":"publish","type":"post","link":"https:\/\/linitiative.ca\/International\/aeroport-doujda-hausse-de-plus-de-7-du-trafic-passagers\/","title":{"rendered":"A\u00e9roport d\u2019Oujda: Hausse de plus de 7% du trafic passagers"},"content":{"rendered":"<p class=\"c5\">Le nombre de passagers enregistr\u00e9s au niveau de l\u2019a\u00e9roport\u00a0Oujda-Angad durant le premier mois de cette ann\u00e9e a cru de plus de 7% par rapport \u00e0 la m\u00eame p\u00e9riode de l\u2019ann\u00e9e derni\u00e8re.<\/p>\n<p class=\"c5\">Le rapport mensuel de l\u2019Office national des a\u00e9roports (ONDA) montre que quelque 42.972 passagers ont transit\u00e9 via l\u2019a\u00e9roport\u00a0Oujda-Angad en janvier 2020 contre 40.039 durant le mois de janvier 2019, soit une croissance de 7,33 %.<\/p>\n<p class=\"c5\">Ce r\u00e9sultat qui repr\u00e9sente 2,13 % du volume du trafic a\u00e9rien au niveau des diff\u00e9rents a\u00e9roports du Royaume, place cet a\u00e9roport \u00e0 la 8\u00e8me place \u00e0 l\u2019\u00e9chelon national et \u00e0 la deuxi\u00e8me place sur le plan r\u00e9gional derri\u00e8re l\u2019a\u00e9roport Nador-Al Aroui (7\u00e8 place avec 55.749 passagers en janvier dernier).<\/p>\n<p class=\"c5\">Durant l\u2019ann\u00e9e 2019, rappelle-t-on, plus de 701.913 passagers ont \u00e9t\u00e9 accueillis au niveau de l\u2019a\u00e9roport\u00a0Oujda-Angad contre 675.990 en 2018, soit une \u00e9volution de 3,83 %.<\/p>\n<p class=\"c5\">Cet a\u00e9roport est li\u00e9 \u00e0 plusieurs a\u00e9roports europ\u00e9ens, notamment de France (Paris, Marseille, Beauvais et Strasbourg), de Belgique (Bruxelles, Charleroi), d\u2019Allemagne (D\u00fcsseldorf) et des Pays-Bas (Amsterdam).<\/p>\n<p class=\"c5\">Selon le rapport de l\u2019ONDA, les a\u00e9roports du Royaume ont enregistr\u00e9 en janvier dernier un volume de trafic commercial de 2.014.660 passagers contre 1.866.604 passagers accueillis en janvier 2019, soit une croissance de l\u2019ordre de 7,93%.<\/p>\n<p>Auteur: Soufiane ELAHMAR<br \/>\n<a href=\"http:\/\/www.mapoujda.ma\/fr\/aeroport-doujda-hausse-de-plus-de-7-du-trafic-passagers\/\">Cliquez ici pour lire l&rsquo;article depuis sa source.<\/a><\/p>\n","protected":false},"excerpt":{"rendered":"<p>Le nombre de passagers enregistr\u00e9s au niveau de l\u2019a\u00e9roport\u00a0Oujda-Angad durant le premier mois de cette ann\u00e9e a cru de plus de 7% par rapport \u00e0 la m\u00eame p\u00e9riode de l\u2019ann\u00e9e derni\u00e8re. Le rapport mensuel de l\u2019Office national des a\u00e9roports (ONDA) montre que quelque 42.972 passagers ont transit\u00e9 via l\u2019a\u00e9roport\u00a0Oujda-Angad en janvier 2020 contre 40.039 durant [&hellip;]<\/p>\n","protected":false},"author":1788,"featured_media":0,"comment_status":"closed","ping_status":"closed","sticky":false,"template":"","format":"standard","meta":{"fifu_image_url":"","fifu_image_alt":"","footnotes":""},"categories":[54,76],"tags":[],"class_list":["post-76641","post","type-post","status-publish","format-standard","hentry","category-maroc","category-regions"],"_links":{"self":[{"href":"https:\/\/linitiative.ca\/International\/wp-json\/wp\/v2\/posts\/76641","targetHints":{"allow":["GET"]}}],"collection":[{"href":"https:\/\/linitiative.ca\/International\/wp-json\/wp\/v2\/posts"}],"about":[{"href":"https:\/\/linitiative.ca\/International\/wp-json\/wp\/v2\/types\/post"}],"author":[{"embeddable":true,"href":"https:\/\/linitiative.ca\/International\/wp-json\/wp\/v2\/users\/1788"}],"replies":[{"embeddable":true,"href":"https:\/\/linitiative.ca\/International\/wp-json\/wp\/v2\/comments?post=76641"}],"version-history":[{"count":0,"href":"https:\/\/linitiative.ca\/International\/wp-json\/wp\/v2\/posts\/76641\/revisions"}],"wp:attachment":[{"href":"https:\/\/linitiative.ca\/International\/wp-json\/wp\/v2\/media?parent=76641"}],"wp:term":[{"taxonomy":"category","embeddable":true,"href":"https:\/\/linitiative.ca\/International\/wp-json\/wp\/v2\/categories?post=76641"},{"taxonomy":"post_tag","embeddable":true,"href":"https:\/\/linitiative.ca\/International\/wp-json\/wp\/v2\/tags?post=76641"}],"curies":[{"name":"wp","href":"https:\/\/api.w.org\/{rel}","templated":true}]}}