{"id":76651,"date":"2020-02-20T15:14:00","date_gmt":"2020-02-20T20:14:00","guid":{"rendered":"https:\/\/linitiative.ca\/International\/ligue-1-2-mca-le-derby-decale-au-lundi-24-fevrier\/"},"modified":"2020-02-20T15:14:00","modified_gmt":"2020-02-20T20:14:00","slug":"ligue-1-2-mca-le-derby-decale-au-lundi-24-fevrier","status":"publish","type":"post","link":"https:\/\/linitiative.ca\/International\/ligue-1-2-mca-le-derby-decale-au-lundi-24-fevrier\/","title":{"rendered":"Ligue 1 &amp; 2 : MCA : Le derby d\u00e9cal\u00e9 au lundi 24 f\u00e9vrier"},"content":{"rendered":"<div readability=\"32\">\n<p>Auteur : <span>K.M.<\/span> <span class=\"time\">jeudi 20 f\u00e9vrier 2020 12:31<\/span><\/p>\n<\/div>\n<div id=\"post_core\" readability=\"97\">\n<p>Pr\u00e9vu initialement, ce samedi, la LFP vient de prendre la d\u00e9cision de d\u00e9caler le derby de quarante-huit heures, en la rendant publique sur son site officiel. L\u2019instance de Medouar a \u00e9voqu\u00e9 des raisons s\u00e9curitaires et organisationnelles qui ont motiv\u00e9 cette d\u00e9cision. Toutefois, l\u2019horaire du match n\u2019a pas chang\u00e9 et le coup d\u2019envoi sera donn\u00e9 \u00e0 17h45. Ce report ne pourra perturber en aucune mani\u00e8re la pr\u00e9paration des deux \u00e9quipes, si ce n\u2019est leur offrir plus de temps pour pr\u00e9parer cette confrontation, puisque les joueurs de l\u2019USMA, qui ont jou\u00e9 leur dernier match lundi dernier \u00e0 Ain M\u2019lila, ont deux jours de r\u00e9cup\u00e9ration de plus, et les joueurs du MCA, qui reviennent de blessures, auront plus de temps pour se r\u00e9tablir convenablement. Le fait que le coup d\u2019envoi ait \u00e9t\u00e9 maintenu \u00e0 17h45, offrira aussi l\u2019opportunit\u00e9 aux supporters de l\u2019USMA et le MCA de se d\u00e9placer en masse pour assister \u00e0 cette f\u00eate du football.<br \/>\u00a0<\/p>\n<p><strong>Neghiz : \u00abLa s\u00e9curit\u00e9 de notre pays passe avant tout\u00bb<\/strong><br \/>Face \u00e0 ce report de 48 heures, Nabil Neghiz s\u2019est exprim\u00e9 en donnant son avis sur la question : \u00abSinc\u00e8rement, je m\u2019attendais quelque part \u00e0 ce report car beaucoup a \u00e9t\u00e9 dit \u00e0 ce sujet. On respecte la d\u00e9cision de la Ligue et des instances de football car apr\u00e8s tout, on est pour la s\u00e9curit\u00e9 de notre pays qui passe avant toute chose. Il est vrai qu\u2019on doit modifier notre programme puisqu\u2019il y aura des s\u00e9ances d\u2019entra\u00eenement au menu. Mais on n\u2019a pas le choix, il faut qu\u2019on s\u2019adapte aux conjonctures du moment.\u00bb<br \/><strong>\u00abJe suis heureux de pouvoir \u00eatre sur le banc face \u00e0 l\u2019USMA\u00bb<\/strong><br \/>\u00abLorsque j\u2019ai sign\u00e9 au Mouloudia, j\u2019avais confiance \u00e0 la direction du club. Je suis heureux de pouvoir \u00eatre sur le banc face \u00e0 l\u2019USMA\u00bb, nous a confi\u00e9 le coach mouloud\u00e9en. \u00a0<\/p>\n<p><strong>Il animera samedi une conf\u00e9rence de presse \u00a0<\/strong><br \/>Alors que la conf\u00e9rence de presse \u00e9tait programm\u00e9e aujourd\u2019hui \u00e0 13h, il a \u00e9t\u00e9 d\u00e9cid\u00e9 de repousser \u00e0 samedi l\u2019intervention de Nabil Neghiz qui doit s\u2019exprimer devant les m\u00e9dias \u00e0 la salle de conf\u00e9rences du stade du 5-Juillet. Le point de presse est pr\u00e9vu bien \u00e0 13h tapantes.<\/p>\n<p><strong>MENAD \u00abJe regrette d\u2019avoir boycott\u00e9 la remise des m\u00e9dailles\u00bb<\/strong><\/p>\n<p>A quelques encablures du derby alg\u00e9rois, Djamel Menad livre \u00e0 El Heddaf TV son expertise sur cet \u00e9v\u00e9nement avec son \u0153il d\u2019expert, lui qui a driv\u00e9 les deux formations alg\u00e9roises durant sa carri\u00e8re.<\/p>\n<p><strong>On imagine que vous devez suivre le championnat surtout qu\u2019il y a trois clubs qui repr\u00e9sentent beaucoup pour vous et qui se trouvent sur le podium\u2026<\/strong><br \/>M\u00eame si j\u2019ai pris cette d\u00e9cision de prendre du rucul pour des raisons personnelles, je suis toujours l\u2019actualit\u00e9 footballistique. Je n\u2019h\u00e9site pas \u00e0 suivre des matchs de championnat sur le petit \u00e9cran lorsque l\u2019occasion se pr\u00e9sente.<br \/><strong>Est-il vrai que vous avez refus\u00e9 de driver le Mouloudia \u00e0 cause du probl\u00e8me Casoni et la crainte de ne pas obtenir une licence ?<\/strong><br \/>Je tiens \u00e0 pr\u00e9ciser que le contact avec le Mouloudia n\u2019a pas \u00e9t\u00e9 de mani\u00e8re officielle. Je n\u2019ai pas \u00e9t\u00e9 contact\u00e9 par le pr\u00e9sident du club mais il y a eu des \u00e9missaires qui ont voulu conna\u00eetre ma position. Moi, je n\u2019ai pas refus\u00e9 de driver le Mouloudia ou m\u00eame la JSK. Et pour \u00eatre franc avec vous, le probl\u00e8me Casoni a \u00e9t\u00e9 l\u2019une des raisons qui m\u2019ont laiss\u00e9 \u00e0 \u00eatre r\u00e9ticent. Je pense que la direction du club s\u2019est tromp\u00e9e car il fallait r\u00e9gler au plus vite le cas Casoni avant de recruter un nouvel entra\u00eeneur. Neghiz ne peut exercer comme il se doit son m\u00e9tier \u00e0 cause de ce probl\u00e8me de licence qui est handicapant.\u00a0\u00a0 \u00a0<br \/><strong>Que pensez-vous de la d\u00e9signation de Neghiz, selon vous, est-il capable de mener le club vers le sacre ?<\/strong><br \/>Neghiz est un technicien tr\u00e8s comp\u00e9tent qui a laiss\u00e9 sa touche que ce soit \u00e0 S\u00e9tif ou la JSS. Il est aid\u00e9 dans sa mission par Babouche qui conna\u00eet bien la maison. Je leur souhaite bonne chance. Je pense que Neghiz est capable de relever le d\u00e9fi m\u00eame si ce ne sera pas simple car le club a travers\u00e9 une p\u00e9riode de crise avec une instabilit\u00e9 \u00e0 tous les niveaux.<br \/><strong>Et que dire de l\u2019USMA qui vient de se faire \u00e9liminer de la C1 et la Coupe d\u2019Alg\u00e9rie ?<\/strong><br \/>J\u2019avais d\u00e9clar\u00e9 auparavant que l\u2019USMA allait\u00a0 marquer le pas \u00e0 cause de la crise financi\u00e8re avec des joueurs qui n\u2019ont pas \u00e9t\u00e9 pay\u00e9s depuis environ dix mois. Ce n\u2019est pas simple car les joueurs ont des familles \u00e0 faire vivre et cette crise p\u00e8se sur le psychisme de chacun.\u00a0\u00a0\u00a0\u00a0 \u00a0<br \/><strong>Les supporters de l\u2019USMA estiment que les joueurs n\u2019ont pas le niveau requis pour pr\u00e9tendre jouer le titre\u2026<\/strong><br \/>Comment les dirigeants de l\u2019USMA peuvent-ils recruter des joueurs de renom en pleine crise financi\u00e8re ! Dans le football moderne, l\u2019argent repr\u00e9sente le nerf de la guerre. Je voudrais \u00e9voquer une autre chose \u00e0 ce propos\u2026<br \/><strong>Allez-y\u2026<\/strong><br \/>Je tiens \u00e0 rendre hommage \u00e0 Dziri Billel car plusieurs techniciens \u00e0 sa place auraient rendu le tablier. Mais lui, il a \u00e9t\u00e9 patient dans des conditions insoutenables. Dziri m\u00e9rite nos encouragements. \u00a0<br \/><strong>Comment voyez-vous le derby programm\u00e9 ce lundi ?<\/strong><br \/>J\u2019esp\u00e8re que les supporters seront au rendez-vous afin qu\u2019il y ait du spectacle sur le terrain et dans les gradins. J\u2019esp\u00e8re aussi que les joueurs seront au rendez-vous pour nous gratifier avec du beau jeu et des buts.<br \/><strong>Pensez-vous que le match va \u00eatre spectaculaire ?<\/strong><br \/>Les deux \u00e9quipes se trouvent pratiquement \u00e0 la m\u00eame position au classement. Le Mouloudia se trouve dans une situation d\u00e9licate apr\u00e8s son \u00e9limination par Boufarik. Idem pour l\u2019USMA. Chaque \u00e9quipe voudra gagner pour sortir de cette crise. Et on conna\u00eet l\u2019importance de gagner le derby sur le plan psychologique.<br \/><strong>Comment voyez-vous ce duel tactique entre Neghiz et Dziri ?<\/strong><br \/>La pr\u00e9paration du derby se fait pendant la semaine. Chaque entraineur va beaucoup communiquer avec ses \u00e9l\u00e9ments. Par la suite, chacun optera pour les joueurs les plus en forme qui pourront mettre \u00e0 ex\u00e9cution la tactique qui sera adopt\u00e9e.<br \/><strong>Le Mouloudia va r\u00e9cup\u00e9rer Djabou qui est capable \u00e0 n\u2019importe quel moment de faire la diff\u00e9rence\u2026 \u00a0<\/strong><br \/>Le retour de Djabou est tr\u00e8s important m\u00eame si son rendement n\u2019est pas au top ces derniers temps. Mais on connait Djabou qui est comme Messi. Sur un ballon il est capable de faire basculer le match. Alors, il est important pour le Mouloudia d\u2019avoir Djabou dans ses rangs.<br \/><strong>Ce qui s\u2019est pass\u00e9 lors du match aller pourrait-il enflammer l\u2019affiche de ce samedi ?<\/strong><br \/>C\u2019est possible apr\u00e8s ce qui s\u2019est pass\u00e9 au match aller car il faut reconnaitre qu\u2019on avait le droit de programmer un match durant la date FIFA. Je pense que l\u2019\u00e9quipe de l\u2019USMA a \u00e9t\u00e9 l\u00e9s\u00e9e\u00a0 par les instances de football.\u00a0 \u00a0<br \/><strong>On ne peut jamais parler du derby avec Menad sans \u00e9voquer la finale perdue en 2013 face \u00e0 l\u2019USMA qui reste\u2026 votre plus mauvais souvenir ?<\/strong><br \/>C\u2019est mon plus mauvais souvenir dans ma carri\u00e8re de sportif. Je n\u2019ai vraiment pas de chance lors des finales. On avait produit ce jour-l\u00e0 un tr\u00e8s gros match mais on n\u2019a pas \u00e9t\u00e9 r\u00e9compens\u00e9s de nos efforts et pourtant on avait domin\u00e9 cette finale de la t\u00eate et des \u00e9paules.<br \/><strong>Sept ans apr\u00e8s, vous \u00eates toujours persuad\u00e9 que l\u2019arbitre Haimoudi avait fait basculer la finale ?<\/strong><br \/>Je l\u2019ai dit \u00e0 un fan du Mouloudia via les r\u00e9seaux sociaux. Je ne changerai pas d\u2019avis. Haimoudi n\u2019a pas \u00e9t\u00e9 au top et il a fait basculer le match.<br \/><strong>Est-ce que vous regrettez d\u2019avoir boycott\u00e9 la remise des m\u00e9dailles ?<\/strong><br \/>Par respect \u00e0 certaines personnes, oui, avec le temps, je le regrette. Mais d\u2019autre part, je reste outr\u00e9 face \u00e0 certains comportements durant cette finale qui g\u00e2chent totalement la f\u00eate.<br \/><strong>Vous-avez eu l\u2019occasion de prendre votre revanche en finale de la Supercoupe d\u2019Alg\u00e9rie en 2016 face \u00e0 l\u2019USMA. Et l\u00e0 encore, c\u2019\u00e9tait une d\u00e9faite au bout du compte\u2026<\/strong><br \/>En championnat, on venait de battre l\u2019USMA \u00e0 Blida au terme d\u2019un gros match qu\u2019on avait domin\u00e9 outrageusement. Apr\u00e8s, on n\u2019a pas donn\u00e9 une tr\u00e8s grande importance \u00e0 ce match surtout apr\u00e8s la d\u00e9claration qualifiant ce troph\u00e9e de \u00ab coupe d\u2019eau \u00bb. Il faut parfois mesurer ses interventions aupr\u00e8s des m\u00e9dias pour ne pas avoir une influence n\u00e9gative sur l\u2019\u00e9quipe et les joueurs. Si on avait bien pr\u00e9par\u00e9 ce match, on aurait gagn\u00e9 ce troph\u00e9e mais c\u2019est cela le football.<br \/>\u00a0<\/p>\n<p><strong>Publi\u00e9 dans :<\/strong> <span>mca<\/span> <span>Menad<\/span> <span>Neghiz et Dziri<\/span><\/p>\n<\/div>\n<p>Auteur:<br \/>\n<a href=\"http:\/\/www.lebuteur.com\/article\/detail?titre=mca-le-derby-decale-au-lundi-24-fevrier&#038;id=94903&#038;utm_source=feedburner&#038;utm_medium=feed&#038;utm_campaign=Feed%3A+GalerieFArtciles+%28Les+derniers+articles++-+lebuteur.com%29\">Cliquez ici pour lire l&rsquo;article depuis sa source.<\/a><\/p>\n","protected":false},"excerpt":{"rendered":"<p>Auteur : K.M. jeudi 20 f\u00e9vrier 2020 12:31 Pr\u00e9vu initialement, ce samedi, la LFP vient de prendre la d\u00e9cision de d\u00e9caler le derby de quarante-huit heures, en la rendant publique sur son site officiel. L\u2019instance de Medouar a \u00e9voqu\u00e9 des raisons s\u00e9curitaires et organisationnelles qui ont motiv\u00e9 cette d\u00e9cision. Toutefois, l\u2019horaire du match n\u2019a pas [&hellip;]<\/p>\n","protected":false},"author":1738,"featured_media":76652,"comment_status":"closed","ping_status":"closed","sticky":false,"template":"","format":"standard","meta":{"fifu_image_url":"","fifu_image_alt":"","footnotes":""},"categories":[53,75],"tags":[],"class_list":["post-76651","post","type-post","status-publish","format-standard","has-post-thumbnail","hentry","category-algerie","category-sport"],"_links":{"self":[{"href":"https:\/\/linitiative.ca\/International\/wp-json\/wp\/v2\/posts\/76651","targetHints":{"allow":["GET"]}}],"collection":[{"href":"https:\/\/linitiative.ca\/International\/wp-json\/wp\/v2\/posts"}],"about":[{"href":"https:\/\/linitiative.ca\/International\/wp-json\/wp\/v2\/types\/post"}],"author":[{"embeddable":true,"href":"https:\/\/linitiative.ca\/International\/wp-json\/wp\/v2\/users\/1738"}],"replies":[{"embeddable":true,"href":"https:\/\/linitiative.ca\/International\/wp-json\/wp\/v2\/comments?post=76651"}],"version-history":[{"count":0,"href":"https:\/\/linitiative.ca\/International\/wp-json\/wp\/v2\/posts\/76651\/revisions"}],"wp:featuredmedia":[{"embeddable":true,"href":"https:\/\/linitiative.ca\/International\/wp-json\/"}],"wp:attachment":[{"href":"https:\/\/linitiative.ca\/International\/wp-json\/wp\/v2\/media?parent=76651"}],"wp:term":[{"taxonomy":"category","embeddable":true,"href":"https:\/\/linitiative.ca\/International\/wp-json\/wp\/v2\/categories?post=76651"},{"taxonomy":"post_tag","embeddable":true,"href":"https:\/\/linitiative.ca\/International\/wp-json\/wp\/v2\/tags?post=76651"}],"curies":[{"name":"wp","href":"https:\/\/api.w.org\/{rel}","templated":true}]}}