{"id":76655,"date":"2020-02-20T15:14:05","date_gmt":"2020-02-20T20:14:05","guid":{"rendered":"https:\/\/linitiative.ca\/International\/international-fc-barcelone-braithwaite-cest-signe-officiel\/"},"modified":"2020-02-20T15:14:05","modified_gmt":"2020-02-20T20:14:05","slug":"international-fc-barcelone-braithwaite-cest-signe-officiel","status":"publish","type":"post","link":"https:\/\/linitiative.ca\/International\/international-fc-barcelone-braithwaite-cest-signe-officiel\/","title":{"rendered":"International : FC Barcelone: Braithwaite, c&rsquo;est sign\u00e9 (officiel)"},"content":{"rendered":"<div readability=\"32\">\n<p>Auteur : <span class=\"time\">jeudi 20 f\u00e9vrier 2020 12:48<\/span><\/p>\n<\/div>\n<div id=\"post_core\" readability=\"42\">\n<p>Comme pressenti, le FC Barcelone a officialis\u00e9 ce jeudi l&rsquo;arriv\u00e9e de l&rsquo;attaquant Martin Braithwaite en provenance de Legan\u00e9s. Face aux longues indisponibilit\u00e9s de Luis Suarez et d&rsquo;Ousmane Demb\u00e9l\u00e9, le champion d&rsquo;Espagne se trouvait \u00e0 la recherche d&rsquo;un joker m\u00e9dical et a donc jet\u00e9 son d\u00e9volu sur l&rsquo;international danois, recrut\u00e9 pour 18 millions d&rsquo;euros, le montant de sa clause lib\u00e9ratoire, et sign\u00e9 jusqu&rsquo;en juin 2024 rapporte Maxifoot.fr.<\/p>\n<p><strong>Publi\u00e9 dans :<\/strong> <span>fc barcelone<\/span> <span>Braithwaite<\/span><\/p>\n<\/div>\n<p>Auteur:<br \/>\n<a href=\"http:\/\/www.lebuteur.com\/article\/detail?titre=fc-barcelone-braithwaite-cest-signe-officiel&#038;id=94909&#038;utm_source=feedburner&#038;utm_medium=feed&#038;utm_campaign=Feed%3A+GalerieFArtciles+%28Les+derniers+articles++-+lebuteur.com%29\">Cliquez ici pour lire l&rsquo;article depuis sa source.<\/a><\/p>\n","protected":false},"excerpt":{"rendered":"<p>Auteur : jeudi 20 f\u00e9vrier 2020 12:48 Comme pressenti, le FC Barcelone a officialis\u00e9 ce jeudi l&rsquo;arriv\u00e9e de l&rsquo;attaquant Martin Braithwaite en provenance de Legan\u00e9s. Face aux longues indisponibilit\u00e9s de Luis Suarez et d&rsquo;Ousmane Demb\u00e9l\u00e9, le champion d&rsquo;Espagne se trouvait \u00e0 la recherche d&rsquo;un joker m\u00e9dical et a donc jet\u00e9 son d\u00e9volu sur l&rsquo;international danois, [&hellip;]<\/p>\n","protected":false},"author":1738,"featured_media":76656,"comment_status":"closed","ping_status":"closed","sticky":false,"template":"","format":"standard","meta":{"fifu_image_url":"","fifu_image_alt":"","footnotes":""},"categories":[53,75],"tags":[],"class_list":["post-76655","post","type-post","status-publish","format-standard","has-post-thumbnail","hentry","category-algerie","category-sport"],"_links":{"self":[{"href":"https:\/\/linitiative.ca\/International\/wp-json\/wp\/v2\/posts\/76655","targetHints":{"allow":["GET"]}}],"collection":[{"href":"https:\/\/linitiative.ca\/International\/wp-json\/wp\/v2\/posts"}],"about":[{"href":"https:\/\/linitiative.ca\/International\/wp-json\/wp\/v2\/types\/post"}],"author":[{"embeddable":true,"href":"https:\/\/linitiative.ca\/International\/wp-json\/wp\/v2\/users\/1738"}],"replies":[{"embeddable":true,"href":"https:\/\/linitiative.ca\/International\/wp-json\/wp\/v2\/comments?post=76655"}],"version-history":[{"count":0,"href":"https:\/\/linitiative.ca\/International\/wp-json\/wp\/v2\/posts\/76655\/revisions"}],"wp:featuredmedia":[{"embeddable":true,"href":"https:\/\/linitiative.ca\/International\/wp-json\/"}],"wp:attachment":[{"href":"https:\/\/linitiative.ca\/International\/wp-json\/wp\/v2\/media?parent=76655"}],"wp:term":[{"taxonomy":"category","embeddable":true,"href":"https:\/\/linitiative.ca\/International\/wp-json\/wp\/v2\/categories?post=76655"},{"taxonomy":"post_tag","embeddable":true,"href":"https:\/\/linitiative.ca\/International\/wp-json\/wp\/v2\/tags?post=76655"}],"curies":[{"name":"wp","href":"https:\/\/api.w.org\/{rel}","templated":true}]}}