{"id":76659,"date":"2020-02-20T15:14:09","date_gmt":"2020-02-20T20:14:09","guid":{"rendered":"https:\/\/linitiative.ca\/International\/international-bounedjah-suspendu-2-mois-avec-al-sadd\/"},"modified":"2020-02-20T15:14:09","modified_gmt":"2020-02-20T20:14:09","slug":"international-bounedjah-suspendu-2-mois-avec-al-sadd","status":"publish","type":"post","link":"https:\/\/linitiative.ca\/International\/international-bounedjah-suspendu-2-mois-avec-al-sadd\/","title":{"rendered":"International : Bounedjah suspendu 2 mois avec Al Sadd !"},"content":{"rendered":"<div readability=\"32\">\n<p>Auteur : <span class=\"time\">jeudi 20 f\u00e9vrier 2020 21:02<\/span><\/p>\n<\/div>\n<div id=\"post_core\" readability=\"40\">\n<p>Mauvaise nouvelle pour Al Sadd et son entra\u00eeneur Xavi. L&rsquo;ancien du Bar\u00e7a d\u00e9sormais sur le banc du club qatari va devoir composer sans son attaquant star Baghdad Bounedjah, suspendu pour les deux prochains mois. Le club lui-m\u00eame vient d&rsquo;annoncer la nouvelle. L&rsquo;international alg\u00e9rien est coupable d&rsquo;avoir critiqu\u00e9 l&rsquo;arbitrage lors de la demi-finale aller de l&rsquo;AFC Champions League, face \u00e0 Al-Hilal, le 1er octobre 2019. \u00a0L&rsquo;attaquant ne reste cependant suspendu que dans cette comp\u00e9tition et manquera les rencontres aller et retour face \u00e0 Al-A\u00efn rapporte OnzeMondial.<\/p>\n<p><strong>Publi\u00e9 dans :<\/strong> <span>Bounedjah<\/span> <span>Al Sadd<\/span><\/p>\n<\/div>\n<p>Auteur:<br \/>\n<a href=\"http:\/\/www.lebuteur.com\/article\/detail?titre=bounedjah-suspendu-2-mois-avec-al-sadd&#038;id=94911&#038;utm_source=feedburner&#038;utm_medium=feed&#038;utm_campaign=Feed%3A+GalerieFArtciles+%28Les+derniers+articles++-+lebuteur.com%29\">Cliquez ici pour lire l&rsquo;article depuis sa source.<\/a><\/p>\n","protected":false},"excerpt":{"rendered":"<p>Auteur : jeudi 20 f\u00e9vrier 2020 21:02 Mauvaise nouvelle pour Al Sadd et son entra\u00eeneur Xavi. L&rsquo;ancien du Bar\u00e7a d\u00e9sormais sur le banc du club qatari va devoir composer sans son attaquant star Baghdad Bounedjah, suspendu pour les deux prochains mois. Le club lui-m\u00eame vient d&rsquo;annoncer la nouvelle. L&rsquo;international alg\u00e9rien est coupable d&rsquo;avoir critiqu\u00e9 l&rsquo;arbitrage [&hellip;]<\/p>\n","protected":false},"author":1738,"featured_media":76660,"comment_status":"closed","ping_status":"closed","sticky":false,"template":"","format":"standard","meta":{"fifu_image_url":"","fifu_image_alt":"","footnotes":""},"categories":[53,75],"tags":[],"class_list":["post-76659","post","type-post","status-publish","format-standard","has-post-thumbnail","hentry","category-algerie","category-sport"],"_links":{"self":[{"href":"https:\/\/linitiative.ca\/International\/wp-json\/wp\/v2\/posts\/76659","targetHints":{"allow":["GET"]}}],"collection":[{"href":"https:\/\/linitiative.ca\/International\/wp-json\/wp\/v2\/posts"}],"about":[{"href":"https:\/\/linitiative.ca\/International\/wp-json\/wp\/v2\/types\/post"}],"author":[{"embeddable":true,"href":"https:\/\/linitiative.ca\/International\/wp-json\/wp\/v2\/users\/1738"}],"replies":[{"embeddable":true,"href":"https:\/\/linitiative.ca\/International\/wp-json\/wp\/v2\/comments?post=76659"}],"version-history":[{"count":0,"href":"https:\/\/linitiative.ca\/International\/wp-json\/wp\/v2\/posts\/76659\/revisions"}],"wp:featuredmedia":[{"embeddable":true,"href":"https:\/\/linitiative.ca\/International\/wp-json\/"}],"wp:attachment":[{"href":"https:\/\/linitiative.ca\/International\/wp-json\/wp\/v2\/media?parent=76659"}],"wp:term":[{"taxonomy":"category","embeddable":true,"href":"https:\/\/linitiative.ca\/International\/wp-json\/wp\/v2\/categories?post=76659"},{"taxonomy":"post_tag","embeddable":true,"href":"https:\/\/linitiative.ca\/International\/wp-json\/wp\/v2\/tags?post=76659"}],"curies":[{"name":"wp","href":"https:\/\/api.w.org\/{rel}","templated":true}]}}