{"id":76661,"date":"2020-02-19T18:00:00","date_gmt":"2020-02-19T23:00:00","guid":{"rendered":"https:\/\/linitiative.ca\/International\/sur-decision-du-president-tebboune-le-22-fevrier-journee-nationale-de-la-fraternite-et-de-la-cohesion-peuple-armee-pour-la-democratie\/"},"modified":"2020-02-19T18:00:00","modified_gmt":"2020-02-19T23:00:00","slug":"sur-decision-du-president-tebboune-le-22-fevrier-journee-nationale-de-la-fraternite-et-de-la-cohesion-peuple-armee-pour-la-democratie","status":"publish","type":"post","link":"https:\/\/linitiative.ca\/International\/sur-decision-du-president-tebboune-le-22-fevrier-journee-nationale-de-la-fraternite-et-de-la-cohesion-peuple-armee-pour-la-democratie\/","title":{"rendered":"Sur d\u00e9cision du pr\u00e9sident Tebboune  : Le 22 f\u00e9vrier journ\u00e9e nationale de la fraternit\u00e9 et de la coh\u00e9sion peuple-Arm\u00e9e pour la d\u00e9mocratie"},"content":{"rendered":"<p>Le pr\u00e9sident de la R\u00e9publique, M. Abdelmadjid Tebboune, a d\u00e9cr\u00e9t\u00e9, hier, \u00e0 la veille de la c\u00e9l\u00e9bration du 1er anniversaire du Hirak populaire, le 22 f\u00e9vrier de chaque ann\u00e9e, \u00abJourn\u00e9e nationale de la fraternit\u00e9 et de la coh\u00e9sion entre le peuple et son arm\u00e9e pour la d\u00e9mocratie\u00bb, a indiqu\u00e9 un communiqu\u00e9 de la pr\u00e9sidence de la R\u00e9publique.<br \/>\u00abLe d\u00e9cret, sign\u00e9 par le Pr\u00e9sident Tebboune et annonc\u00e9 lors de son entrevue p\u00e9riodique avec les m\u00e9dias nationaux qui sera retransmise jeudi soir sur les cha\u00eenes de t\u00e9l\u00e9vision, stipule que la journ\u00e9e du 22 f\u00e9vrier immortalisera le sursaut historique du peuple survenu le 22 f\u00e9vrier 2019 et sera c\u00e9l\u00e9br\u00e9e dans l&rsquo;ensemble du territoire national, \u00e0 travers des manifestations et des activit\u00e9s \u00e0 m\u00eame de renforcer les liens de fraternit\u00e9 et de coh\u00e9sion nationales, et d&rsquo;ancrer l&rsquo;esprit de solidarit\u00e9 entre le peuple et son arm\u00e9e pour la d\u00e9mocratie\u00bb, a pr\u00e9cis\u00e9 la source.<br \/>\u00a0<\/p>\n<p>Auteur: elmoudjahid<br \/>\n<a href=\"http:\/\/feedproxy.google.com\/~r\/ElmoudjahidArticles\/~3\/XT9xOwK2GGY\/148627\">Cliquez ici pour lire l&rsquo;article depuis sa source.<\/a><\/p>\n","protected":false},"excerpt":{"rendered":"<p>Le pr\u00e9sident de la R\u00e9publique, M. Abdelmadjid Tebboune, a d\u00e9cr\u00e9t\u00e9, hier, \u00e0 la veille de la c\u00e9l\u00e9bration du 1er anniversaire du Hirak populaire, le 22 f\u00e9vrier de chaque ann\u00e9e, \u00abJourn\u00e9e nationale de la fraternit\u00e9 et de la coh\u00e9sion entre le peuple et son arm\u00e9e pour la d\u00e9mocratie\u00bb, a indiqu\u00e9 un communiqu\u00e9 de la pr\u00e9sidence de [&hellip;]<\/p>\n","protected":false},"author":1744,"featured_media":0,"comment_status":"closed","ping_status":"closed","sticky":false,"template":"","format":"standard","meta":{"fifu_image_url":"","fifu_image_alt":"","footnotes":""},"categories":[73,53],"tags":[],"class_list":["post-76661","post","type-post","status-publish","format-standard","hentry","category-actualite","category-algerie"],"_links":{"self":[{"href":"https:\/\/linitiative.ca\/International\/wp-json\/wp\/v2\/posts\/76661","targetHints":{"allow":["GET"]}}],"collection":[{"href":"https:\/\/linitiative.ca\/International\/wp-json\/wp\/v2\/posts"}],"about":[{"href":"https:\/\/linitiative.ca\/International\/wp-json\/wp\/v2\/types\/post"}],"author":[{"embeddable":true,"href":"https:\/\/linitiative.ca\/International\/wp-json\/wp\/v2\/users\/1744"}],"replies":[{"embeddable":true,"href":"https:\/\/linitiative.ca\/International\/wp-json\/wp\/v2\/comments?post=76661"}],"version-history":[{"count":0,"href":"https:\/\/linitiative.ca\/International\/wp-json\/wp\/v2\/posts\/76661\/revisions"}],"wp:attachment":[{"href":"https:\/\/linitiative.ca\/International\/wp-json\/wp\/v2\/media?parent=76661"}],"wp:term":[{"taxonomy":"category","embeddable":true,"href":"https:\/\/linitiative.ca\/International\/wp-json\/wp\/v2\/categories?post=76661"},{"taxonomy":"post_tag","embeddable":true,"href":"https:\/\/linitiative.ca\/International\/wp-json\/wp\/v2\/tags?post=76661"}],"curies":[{"name":"wp","href":"https:\/\/api.w.org\/{rel}","templated":true}]}}