{"id":76662,"date":"2020-02-19T18:00:00","date_gmt":"2020-02-19T23:00:00","guid":{"rendered":"https:\/\/linitiative.ca\/International\/m-mohamed-laagab-charge-de-mission-a-la-presidence-de-la-republique-lalgerie-a-besoin-dune-constitution-consensuelle\/"},"modified":"2020-02-19T18:00:00","modified_gmt":"2020-02-19T23:00:00","slug":"m-mohamed-laagab-charge-de-mission-a-la-presidence-de-la-republique-lalgerie-a-besoin-dune-constitution-consensuelle","status":"publish","type":"post","link":"https:\/\/linitiative.ca\/International\/m-mohamed-laagab-charge-de-mission-a-la-presidence-de-la-republique-lalgerie-a-besoin-dune-constitution-consensuelle\/","title":{"rendered":"M. Mohamed La\u00e2gab, charg\u00e9 de mission \u00e0 la pr\u00e9sidence de la R\u00e9publique : \u00abL\u2019Alg\u00e9rie a besoin d\u2019une Constitution consensuelle\u00bb"},"content":{"rendered":"<p><strong>\u00abL\u2019Alg\u00e9rie est en qu\u00eate d\u2019une Constitution consensuelle r\u00e9pondant aux attentes du peuple\u00bb, a affirm\u00e9, hier \u00e0 Ouargla, le charg\u00e9 de mission \u00e0 la pr\u00e9sidence de la R\u00e9publique, Mohamed La\u00e2gab.<\/strong><\/p>\n<p>Intervenant, lors d\u2019une conf\u00e9rence sur \u00abLa r\u00e9vision de la Constitution et l\u2019avenir de la r\u00e9forme politique en Alg\u00e9rie\u00bb, tenue \u00e0 l\u2019universit\u00e9 Kasdi-Merbah, en pr\u00e9sence d\u2019une pl\u00e9iade d\u2019enseignants chercheurs de diff\u00e9rentes universit\u00e9s du pays, M. La\u00e2gab a indiqu\u00e9 que \u00abl\u2019Alg\u00e9rie est en qu\u00eate d\u2019une Constitution consensuelle, forte, r\u00e9pondant aux diff\u00e9rentes id\u00e9es et attentes du peuple et qui consolide l\u2019identit\u00e9 nationale\u00bb.<br \/>\u00abLa r\u00e9vision de la Constitution devra \u00e9viter au pays les risques de gestion personnelle et h\u00e9g\u00e9monique, assoira l\u2019\u00e9galit\u00e9 entre les citoyens, renforcera la d\u00e9mocratie et \u0153uvrera \u00e0 la cons\u00e9cration et \u00e0 la protection des libert\u00e9s individuelles et collectives\u00bb, a-t-il soutenu. L\u2019intervenant a relev\u00e9, en outre, qu\u2019\u00abil sera proc\u00e9d\u00e9, une fois la Constitution r\u00e9vis\u00e9e, \u00e0 la r\u00e9vision de la loi \u00e9lectorale pour r\u00e9tablir la confiance en le processus d\u00e9mocratique et l\u2019op\u00e9ration \u00e9lectorale, et ainsi restaurer la confiance en l\u2019\u00c9tat\u00bb.<br \/>Le charg\u00e9 de mission aupr\u00e8s de la pr\u00e9sidence a indiqu\u00e9 que la loi \u00e9lectorale revue aboutira \u00e0 la r\u00e9alisation de r\u00e9sultats \u00e9lectoraux r\u00e9pondant aux revendications d\u00e9mocratiques et \u00e0 une v\u00e9ritable repr\u00e9sentation populaire. \u00abLa r\u00e9vision constitutionnelle s\u2019inscrit en droite ligne des engagements \u00e9lectoraux du pr\u00e9sident de la R\u00e9publique, M. Abdelmadjid Tebboune, et figure parmi les priorit\u00e9s, ce qui s\u2019est concr\u00e9tis\u00e9 \u00e0 travers la mise en place d\u2019une commission d\u2019experts et de sp\u00e9cialistes, charg\u00e9e de la formulation d\u2019id\u00e9es contenues dans le programme du pr\u00e9sident de la R\u00e9publique. La commission en question, a-t-il dit, a pr\u00e9sent\u00e9, la semaine derni\u00e8re, la premi\u00e8re mouture du projet de r\u00e9vision de la Constitution au pr\u00e9sident de la R\u00e9publique, qui a \u00e9t\u00e9 examin\u00e9e et devra \u00eatre d\u00e9battue par les diff\u00e9rentes acteurs sur la sc\u00e8ne nationale, dont les formations politiques agr\u00e9\u00e9es, les associations, les syndicats, les organisations et les personnalit\u00e9s nationales, y compris les enseignants, les unions et organisations estudiantines.\u00bb La conf\u00e9rence a donn\u00e9 lieu \u00e0 d\u2019autres interventions acad\u00e9miques anim\u00e9es par des universitaires, \u00e0 l\u2019instar de celle de l\u2019universitaire Mohamed Seghir Sa\u00e2daoui, directeur du laboratoire de Droit et du d\u00e9veloppement \u00e0 B\u00e9char, pour lequel \u00abl\u2019Alg\u00e9rie se pr\u00e9pare \u00e0 vivre une nouvelle \u00e8re qu\u2019il appartient de construire sur des institutions constitutionnelles rev\u00eatant une l\u00e9gitimit\u00e9 enti\u00e8re et sur de v\u00e9ritables Assembl\u00e9es \u00e9lues\u00bb.<br \/>L\u2019orateur a estim\u00e9 qu\u2019\u00abil appartient de mettre les moyens n\u00e9cessaires d\u2019organisation, de contr\u00f4le et de supervision des \u00e9lections et des r\u00e9f\u00e9rendums, durant toutes leurs phases, \u00e0 la disposition de l\u2019autorit\u00e9 ind\u00e9pendante des \u00e9lections\u00bb. M. Sa\u00e2daoui a mis en exergue aussi la n\u00e9cessit\u00e9 de tenir compte, lors de la mise en place de ce m\u00e9canisme, de la pr\u00e9sence de comp\u00e9tences connaissant parfaitement le processus \u00e9lectoral qui constitue, en lui-m\u00eame, une op\u00e9ration juridique et devra impliquer des potentialit\u00e9s aux plans constitutionnel et r\u00e9glementaire, des magistrats, des avocats et des sp\u00e9cialistes en sciences sociales et politiques, et d\u2019autres domaines concern\u00e9s. Initi\u00e9e par la facult\u00e9 de droit, de sciences politiques et de sciences sociales, en coordination avec le laboratoire de la probl\u00e9matique des mutations sociopolitiques dans l\u2019exp\u00e9rience alg\u00e9rienne (universit\u00e9 d\u2019Ouargla), cette manifestation planche sur l\u2019examen de divers axes li\u00e9s \u00e0 \u00abLa cons\u00e9cration de la volont\u00e9 du peuple et la souverainet\u00e9 de la loi\u00bb, \u00abLa transparence et l\u2019honn\u00eatet\u00e9 des \u00e9lections et l\u2019alternance au pouvoir\u00bb, \u00abLa protection et la r\u00e9gulation des droits et libert\u00e9s\u00bb, \u00abL\u2019organisation \u00e9quilibr\u00e9e des pouvoirs\u00bb, \u00abLa consolidation des m\u00e9canismes de contr\u00f4le\u00bb, ainsi que \u00abLa lutte contre la corruption et la moralisation de la vie g\u00e9n\u00e9rale\u00bb, figurent aussi au programme de la rencontre, ont indiqu\u00e9 les organisateurs.<\/p>\n<p>Auteur: elmoudjahid<br \/>\n<a href=\"http:\/\/feedproxy.google.com\/~r\/ElmoudjahidArticles\/~3\/KAbzOaDZcyA\/148628\">Cliquez ici pour lire l&rsquo;article depuis sa source.<\/a><\/p>\n","protected":false},"excerpt":{"rendered":"<p>\u00abL\u2019Alg\u00e9rie est en qu\u00eate d\u2019une Constitution consensuelle r\u00e9pondant aux attentes du peuple\u00bb, a affirm\u00e9, hier \u00e0 Ouargla, le charg\u00e9 de mission \u00e0 la pr\u00e9sidence de la R\u00e9publique, Mohamed La\u00e2gab. Intervenant, lors d\u2019une conf\u00e9rence sur \u00abLa r\u00e9vision de la Constitution et l\u2019avenir de la r\u00e9forme politique en Alg\u00e9rie\u00bb, tenue \u00e0 l\u2019universit\u00e9 Kasdi-Merbah, en pr\u00e9sence d\u2019une pl\u00e9iade [&hellip;]<\/p>\n","protected":false},"author":1744,"featured_media":0,"comment_status":"closed","ping_status":"closed","sticky":false,"template":"","format":"standard","meta":{"fifu_image_url":"","fifu_image_alt":"","footnotes":""},"categories":[73,53],"tags":[],"class_list":["post-76662","post","type-post","status-publish","format-standard","hentry","category-actualite","category-algerie"],"_links":{"self":[{"href":"https:\/\/linitiative.ca\/International\/wp-json\/wp\/v2\/posts\/76662","targetHints":{"allow":["GET"]}}],"collection":[{"href":"https:\/\/linitiative.ca\/International\/wp-json\/wp\/v2\/posts"}],"about":[{"href":"https:\/\/linitiative.ca\/International\/wp-json\/wp\/v2\/types\/post"}],"author":[{"embeddable":true,"href":"https:\/\/linitiative.ca\/International\/wp-json\/wp\/v2\/users\/1744"}],"replies":[{"embeddable":true,"href":"https:\/\/linitiative.ca\/International\/wp-json\/wp\/v2\/comments?post=76662"}],"version-history":[{"count":0,"href":"https:\/\/linitiative.ca\/International\/wp-json\/wp\/v2\/posts\/76662\/revisions"}],"wp:attachment":[{"href":"https:\/\/linitiative.ca\/International\/wp-json\/wp\/v2\/media?parent=76662"}],"wp:term":[{"taxonomy":"category","embeddable":true,"href":"https:\/\/linitiative.ca\/International\/wp-json\/wp\/v2\/categories?post=76662"},{"taxonomy":"post_tag","embeddable":true,"href":"https:\/\/linitiative.ca\/International\/wp-json\/wp\/v2\/tags?post=76662"}],"curies":[{"name":"wp","href":"https:\/\/api.w.org\/{rel}","templated":true}]}}