{"id":76663,"date":"2020-02-19T18:00:00","date_gmt":"2020-02-19T23:00:00","guid":{"rendered":"https:\/\/linitiative.ca\/International\/parti-sawt-echaab-soutien-aux-positions-exprimees-lors-des-marches\/"},"modified":"2020-02-19T18:00:00","modified_gmt":"2020-02-19T23:00:00","slug":"parti-sawt-echaab-soutien-aux-positions-exprimees-lors-des-marches","status":"publish","type":"post","link":"https:\/\/linitiative.ca\/International\/parti-sawt-echaab-soutien-aux-positions-exprimees-lors-des-marches\/","title":{"rendered":"Parti Sawt Echa\u00e2b  : Soutien aux positions exprim\u00e9es lors des marches"},"content":{"rendered":"<p>Le parti Sawt Echaab (Voix du peuple) a r\u00e9it\u00e9r\u00e9\u00a0 hier son plein soutien aux \u00ab\u00a0positions l\u00e9gitimes\u00a0\u00bb exprim\u00e9es lors des\u00a0\u00a0 marches pacifiques, appelant le pr\u00e9sident de la R\u00e9publique, M. Abdelmadjid\u00a0 Tebboune, \u00e0 instituer le 22 f\u00e9vrier \u00ab\u00a0date r\u00e9f\u00e9rence pour la cons\u00e9cration\u00a0 des fondements de la nouvelle R\u00e9publique et l&rsquo;acc\u00e9l\u00e9ration des r\u00e9formes, en\u00a0 r\u00e9ponse aux aspirations l\u00e9gitimes du peuple\u00a0\u00bb. \u00ab\u00a0En concomitance avec les pr\u00e9paratifs pour la c\u00e9l\u00e9bration du premier\u00a0 anniversaire du Hirak du 22 f\u00e9vrier, Sawt Echaab r\u00e9it\u00e8re son plein soutien\u00a0 \u00e0 toutes les positions l\u00e9gitimes exprim\u00e9es par des millions de citoyens\u00a0 lors des marches pacifiques revendiquant le changement et l&rsquo;\u00e9tablissement\u00a0 des fondements de l&rsquo;Etat de droit\u00a0\u00bb, a indiqu\u00e9 un communiqu\u00e9 du parti sign\u00e9\u00a0 par son pr\u00e9sident Lamine Osmani.\u00a0 A ce propos, la m\u00eame formation politique a soulign\u00e9 l&rsquo;imp\u00e9ratif\u00a0 d&rsquo;acc\u00e9l\u00e9rer le processus de r\u00e9formes profondes (&#8230;) r\u00e9pondant aux\u00a0 aspirations l\u00e9gitimes du peuple, en \u00ab\u00a0posant les jalons d&rsquo;une Alg\u00e9rie\u00a0 meilleure, \u00e9difi\u00e9e par tous les Alg\u00e9riens, conciliant authenticit\u00e9 et\u00a0 modernit\u00e9 afin d&rsquo;asseoir les bases de la bonne gouvernance\u00a0\u00bb.\u00a0 \u00ab\u00a0Le parti Sawt Echaab s&rsquo;enorgueillit des pas franchis en quelques mois,\u00a0 gr\u00e2ce \u00e0 un sursaut ayant sauv\u00e9 le pays d&rsquo;un destin inconnu\u00a0\u00bb, a conclu le communiqu\u00e9.<\/p>\n<p>Auteur: elmoudjahid<br \/>\n<a href=\"http:\/\/feedproxy.google.com\/~r\/ElmoudjahidArticles\/~3\/geupwaHOOBA\/148629\">Cliquez ici pour lire l&rsquo;article depuis sa source.<\/a><\/p>\n","protected":false},"excerpt":{"rendered":"<p>Le parti Sawt Echaab (Voix du peuple) a r\u00e9it\u00e9r\u00e9\u00a0 hier son plein soutien aux \u00ab\u00a0positions l\u00e9gitimes\u00a0\u00bb exprim\u00e9es lors des\u00a0\u00a0 marches pacifiques, appelant le pr\u00e9sident de la R\u00e9publique, M. Abdelmadjid\u00a0 Tebboune, \u00e0 instituer le 22 f\u00e9vrier \u00ab\u00a0date r\u00e9f\u00e9rence pour la cons\u00e9cration\u00a0 des fondements de la nouvelle R\u00e9publique et l&rsquo;acc\u00e9l\u00e9ration des r\u00e9formes, en\u00a0 r\u00e9ponse aux aspirations l\u00e9gitimes [&hellip;]<\/p>\n","protected":false},"author":1744,"featured_media":0,"comment_status":"closed","ping_status":"closed","sticky":false,"template":"","format":"standard","meta":{"fifu_image_url":"","fifu_image_alt":"","footnotes":""},"categories":[73,53],"tags":[],"class_list":["post-76663","post","type-post","status-publish","format-standard","hentry","category-actualite","category-algerie"],"_links":{"self":[{"href":"https:\/\/linitiative.ca\/International\/wp-json\/wp\/v2\/posts\/76663","targetHints":{"allow":["GET"]}}],"collection":[{"href":"https:\/\/linitiative.ca\/International\/wp-json\/wp\/v2\/posts"}],"about":[{"href":"https:\/\/linitiative.ca\/International\/wp-json\/wp\/v2\/types\/post"}],"author":[{"embeddable":true,"href":"https:\/\/linitiative.ca\/International\/wp-json\/wp\/v2\/users\/1744"}],"replies":[{"embeddable":true,"href":"https:\/\/linitiative.ca\/International\/wp-json\/wp\/v2\/comments?post=76663"}],"version-history":[{"count":0,"href":"https:\/\/linitiative.ca\/International\/wp-json\/wp\/v2\/posts\/76663\/revisions"}],"wp:attachment":[{"href":"https:\/\/linitiative.ca\/International\/wp-json\/wp\/v2\/media?parent=76663"}],"wp:term":[{"taxonomy":"category","embeddable":true,"href":"https:\/\/linitiative.ca\/International\/wp-json\/wp\/v2\/categories?post=76663"},{"taxonomy":"post_tag","embeddable":true,"href":"https:\/\/linitiative.ca\/International\/wp-json\/wp\/v2\/tags?post=76663"}],"curies":[{"name":"wp","href":"https:\/\/api.w.org\/{rel}","templated":true}]}}