{"id":76670,"date":"2020-02-19T13:00:00","date_gmt":"2020-02-19T18:00:00","guid":{"rendered":"https:\/\/linitiative.ca\/International\/le-dg-dooredoo-expulse-du-pays\/"},"modified":"2020-02-19T13:00:00","modified_gmt":"2020-02-19T18:00:00","slug":"le-dg-dooredoo-expulse-du-pays","status":"publish","type":"post","link":"https:\/\/linitiative.ca\/International\/le-dg-dooredoo-expulse-du-pays\/","title":{"rendered":"Le DG d&rsquo;Ooredoo expuls\u00e9 du pays"},"content":{"rendered":"<p>Nikolai Beckers, pr\u00e9sident-directeur g\u00e9n\u00e9ral de la filiale alg\u00e9rienne de l\u2019op\u00e9rateur mobile qatari Ooredoo, a \u00e9t\u00e9 arr\u00eat\u00e9 puis expuls\u00e9 du pays par la Gendarmerie nationale.<br \/>C\u2019est ce qu\u2019ont fait savoir\u00a0mercredi des sources syndicales au sein de l\u2019op\u00e9rateur qatari.<br \/>Cette arrestation intervient alors que Beckers s\u2019appr\u00eatait \u00e0 licencier quelque 900 employ\u00e9s alg\u00e9riens.<br \/>Nombre de ces derniers ont tenu plusieurs rassemblements et un sit-in devant le si\u00e8ge de l\u2019entreprise \u00e0 Ouled Fayet &#8211; Alger -.\u00a0<br \/>Suite \u00e0 ce mouvement de protestation qui a \u00e9t\u00e9 r\u00e9percut\u00e9 par la presse, Beckers a \u00e9t\u00e9 convoqu\u00e9 d\u2019abord t\u00f4t dans la matin\u00e9e d\u2019hier par une commission du minist\u00e8re des Finances au sujet des transferts de fonds, ont indiqu\u00e9 les m\u00eames sources qui ont pr\u00e9cis\u00e9 qu\u2019\u00e0 son retour au bureau entre 11h et 11h30, trois v\u00e9hicules des services de la gendarmerie sont arriv\u00e9s \u00e0 la DG d\u2019Ooredoo et ont conduit Nickolai Beckers \u00e0l\u2019a\u00e9roport international d\u2019Alger, sous le coup d\u2019une mesure d\u2019expulsion du pays. Des sources affirment que la d\u00e9cision d\u2019expulsion de Beckers a \u00e9t\u00e9 prise par le pr\u00e9sident de la R\u00e9publique Abdelmadjid Tebboune, contrari\u00e9 par ces licenciements. Le syndicat d\u2019Ooredoo, qui avait saisi les autorit\u00e9s du pays notamment la Pr\u00e9sidence sur cette affaire, reproche \u00e0 Beckers d\u2019\u00eatre venu avec un plan de compression de 400 employ\u00e9s alg\u00e9riens, un nombre revu \u00e0 la hausse pour en atteindre 900.<br \/>La direction g\u00e9n\u00e9rale d\u2019Ooredoo Alg\u00e9rie a r\u00e9agi \u00e0 cette information sans pour autant confirm\u00e9 ou infirm\u00e9 l\u2019arrestation de M.\u00a0Beckers.<br \/>\u00ab\u00a0Suite aux informations relay\u00e9es par certains m\u00e9dias \u00e9lectroniques ainsi que sur les r\u00e9seaux sociaux \u00e0 propos du Directeur g\u00e9n\u00e9ral, M.\u00a0Nikola\u00ef Beckers, Ooredoo Alg\u00e9rie ne peut faire de commentaires sur cette question \u00e0 ce stade. Jusqu\u2019\u00e0 l\u2019heure, Ooredoo Alg\u00e9rie est en train de recueillir les informations y aff\u00e9rentes\u00a0\u00bb, a indiqu\u00e9 la compagnie dans un communiqu\u00e9 transmis \u00e0 la presse.<br \/>Lors de la rencontre annuelle avec la presse au d\u00e9but du mois de f\u00e9vrier, Beckers avait affirm\u00e9 qu\u2019Ooredoo n\u2019avait aucune difficult\u00e9 financi\u00e8re et qu\u2019elle comptait justement investir dans l\u2019am\u00e9lioration de son r\u00e9seau. En d\u00e9pit de cette situation reluisante, Ooredoo a poursuivi son plan de licenciement qui a cibl\u00e9 uniquement les employ\u00e9s alg\u00e9riens, tandis que les postes des employ\u00e9s \u00e9trangers et des cadres ont \u00e9t\u00e9 maintenus, selon des sources syndicales.<br \/>Le syndicat d\u2019Ooredoo a aussi d\u00e9nonc\u00e9 l\u2019organisation d\u2019un \u00e9v\u00e9nement \u00e0 Marrakech, au Maroc, du jeudi 13 au lundi 17 f\u00e9vrier durant lequel Nickolai Beckers a convi\u00e9 tous les responsables des filiales d\u2019Ooredoo dans la r\u00e9gion d\u2019Afrique du Nord et Moyen-Orient. Baptis\u00e9e \u00ab\u00a0Excom\u00a0\u00bb la rencontre, pr\u00e9vue pour deux heures, s\u2019est en fin de compte \u00e9tal\u00e9e sur cinq nuit\u00e9es, engendrant une d\u00e9pense de 40 000 euros, a soulign\u00e9 un membre du syndicat joint par t\u00e9l\u00e9phone. L\u2019op\u00e9rateur n\u2019a \u00e9mis aucune r\u00e9action ou d\u00e9claration officielle concernant cette affaire. Pour rappel, l\u2019allemand Nikolai Beckers a \u00e9t\u00e9 nomm\u00e9 DG d\u2019Ooredoo le 4 ao\u00fbt 2019, en remplacement du Soudanais Abdullatif Hamad Difallah.\u00a0<\/p>\n<p>Auteur: Boudjedri<br \/>\n<a href=\"http:\/\/www.jeune-independant.net\/Le-DG-d-Ooredoo-expulse-du-pays.html\">Cliquez ici pour lire l&rsquo;article depuis sa source.<\/a><\/p>\n","protected":false},"excerpt":{"rendered":"<p>Nikolai Beckers, pr\u00e9sident-directeur g\u00e9n\u00e9ral de la filiale alg\u00e9rienne de l\u2019op\u00e9rateur mobile qatari Ooredoo, a \u00e9t\u00e9 arr\u00eat\u00e9 puis expuls\u00e9 du pays par la Gendarmerie nationale.C\u2019est ce qu\u2019ont fait savoir\u00a0mercredi des sources syndicales au sein de l\u2019op\u00e9rateur qatari.Cette arrestation intervient alors que Beckers s\u2019appr\u00eatait \u00e0 licencier quelque 900 employ\u00e9s alg\u00e9riens.Nombre de ces derniers ont tenu plusieurs rassemblements [&hellip;]<\/p>\n","protected":false},"author":1737,"featured_media":0,"comment_status":"closed","ping_status":"closed","sticky":false,"template":"","format":"standard","meta":{"fifu_image_url":"","fifu_image_alt":"","footnotes":""},"categories":[73,53],"tags":[],"class_list":["post-76670","post","type-post","status-publish","format-standard","hentry","category-actualite","category-algerie"],"_links":{"self":[{"href":"https:\/\/linitiative.ca\/International\/wp-json\/wp\/v2\/posts\/76670","targetHints":{"allow":["GET"]}}],"collection":[{"href":"https:\/\/linitiative.ca\/International\/wp-json\/wp\/v2\/posts"}],"about":[{"href":"https:\/\/linitiative.ca\/International\/wp-json\/wp\/v2\/types\/post"}],"author":[{"embeddable":true,"href":"https:\/\/linitiative.ca\/International\/wp-json\/wp\/v2\/users\/1737"}],"replies":[{"embeddable":true,"href":"https:\/\/linitiative.ca\/International\/wp-json\/wp\/v2\/comments?post=76670"}],"version-history":[{"count":0,"href":"https:\/\/linitiative.ca\/International\/wp-json\/wp\/v2\/posts\/76670\/revisions"}],"wp:attachment":[{"href":"https:\/\/linitiative.ca\/International\/wp-json\/wp\/v2\/media?parent=76670"}],"wp:term":[{"taxonomy":"category","embeddable":true,"href":"https:\/\/linitiative.ca\/International\/wp-json\/wp\/v2\/categories?post=76670"},{"taxonomy":"post_tag","embeddable":true,"href":"https:\/\/linitiative.ca\/International\/wp-json\/wp\/v2\/tags?post=76670"}],"curies":[{"name":"wp","href":"https:\/\/api.w.org\/{rel}","templated":true}]}}