{"id":76671,"date":"2020-02-19T17:24:40","date_gmt":"2020-02-19T22:24:40","guid":{"rendered":"https:\/\/linitiative.ca\/International\/presidence-le-22-fevrier-decretee-journee-de-la-fraternite\/"},"modified":"2020-02-19T17:24:40","modified_gmt":"2020-02-19T22:24:40","slug":"presidence-le-22-fevrier-decretee-journee-de-la-fraternite","status":"publish","type":"post","link":"https:\/\/linitiative.ca\/International\/presidence-le-22-fevrier-decretee-journee-de-la-fraternite\/","title":{"rendered":"Pr\u00e9sidence : Le 22 f\u00e9vrier d\u00e9cr\u00e9t\u00e9e journ\u00e9e de la fraternit\u00e9"},"content":{"rendered":"<p><br class=\"autobr\"\/><br \/>\nLe Pr\u00e9sident de la R\u00e9publique, M.\u00a0Abdelmadjid Tebboune, a d\u00e9cid\u00e9, ce mercredi, de baptiser le 22 f\u00e9vrier de chaque ann\u00e9e \u00ab\u00a0Journ\u00e9e nationale de la fraternit\u00e9 et de la coh\u00e9sion entre le peuple et son arm\u00e9e pour la d\u00e9mocratie\u00a0\u00bb. C\u2019est ce qu\u2019a annonc\u00e9 un communiqu\u00e9 de la Pr\u00e9sidence qui intervient \u00e0 la veille de la c\u00e9l\u00e9bration du 1er anniversaire du Hirak populaire .<br \/>\u00ab\u00a0Le d\u00e9cret, sign\u00e9 par le Pr\u00e9sident Tebboune et annonc\u00e9 lors de son entrevue p\u00e9riodique avec les m\u00e9dias nationaux qui sera retransmise jeudi soir sur les cha\u00eenes de t\u00e9l\u00e9vision, stipule que la journ\u00e9e du 22 f\u00e9vrier immortalisera le sursaut historique du peuple survenu le 22 f\u00e9vrier 2019 et sera c\u00e9l\u00e9br\u00e9e dans l\u2019ensemble du territoire national, \u00e0 travers des manifestations et des activit\u00e9s \u00e0 m\u00eame de renforcer les liens de fraternit\u00e9 et de coh\u00e9sion nationales et d\u2019ancrer l\u2019esprit de solidarit\u00e9 entre le peuple et son arm\u00e9e pour la d\u00e9mocratie\u00a0\u00bb, a pr\u00e9cis\u00e9 la source.<\/p>\n<p><br class=\"autobr\"\/><br \/>\nLe vendredi 22 f\u00e9vrier 2019 des centaines de milliers d\u2019Alg\u00e9riens sont sortis dans les rues de plusieurs villes du pays pour s\u2019opposer \u00e0 un 5e mandat du pr\u00e9sident d\u00e9chu Abdelaziz Bouteflika.<br \/>Ce sursaut populaire a conduit \u00e0 la chute du r\u00e9gime de Bouteflika le 2 avril 2019 apr\u00e8s 20 ann\u00e9es de r\u00e9gne.<br \/>L\u2019arm\u00e9e nationale y a jou\u00e9 un r\u00f4le pr\u00e8pond\u00e8rant en appelant \u00e0 l\u2019application des articles 102, 7 et 8 de la Constitution, en vue de consacrer la volont\u00e9 populaire.\u00a0<br \/>Bien que le hirak se poursuit \u00e0 ce jour, des \u00e9l\u00e9ctions pr\u00e9sidentielles se sont tenus le 12 d\u00e9cembre 2019 et ont donn\u00e9 lieu \u00e0 l\u2019\u00e9lection d\u2019Abdelmadjid Tebboune, 74 ans, \u00e0 la magistrature supr\u00e8me.\u00a0<\/p>\n<p>Auteur: Boudjedri<br \/>\n<a href=\"http:\/\/www.jeune-independant.net\/Presidence-Le-22-fevrier-journee.html\">Cliquez ici pour lire l&rsquo;article depuis sa source.<\/a><\/p>\n","protected":false},"excerpt":{"rendered":"<p>Le Pr\u00e9sident de la R\u00e9publique, M.\u00a0Abdelmadjid Tebboune, a d\u00e9cid\u00e9, ce mercredi, de baptiser le 22 f\u00e9vrier de chaque ann\u00e9e \u00ab\u00a0Journ\u00e9e nationale de la fraternit\u00e9 et de la coh\u00e9sion entre le peuple et son arm\u00e9e pour la d\u00e9mocratie\u00a0\u00bb. C\u2019est ce qu\u2019a annonc\u00e9 un communiqu\u00e9 de la Pr\u00e9sidence qui intervient \u00e0 la veille de la c\u00e9l\u00e9bration du [&hellip;]<\/p>\n","protected":false},"author":1737,"featured_media":0,"comment_status":"closed","ping_status":"closed","sticky":false,"template":"","format":"standard","meta":{"fifu_image_url":"","fifu_image_alt":"","footnotes":""},"categories":[73,53],"tags":[],"class_list":["post-76671","post","type-post","status-publish","format-standard","hentry","category-actualite","category-algerie"],"_links":{"self":[{"href":"https:\/\/linitiative.ca\/International\/wp-json\/wp\/v2\/posts\/76671","targetHints":{"allow":["GET"]}}],"collection":[{"href":"https:\/\/linitiative.ca\/International\/wp-json\/wp\/v2\/posts"}],"about":[{"href":"https:\/\/linitiative.ca\/International\/wp-json\/wp\/v2\/types\/post"}],"author":[{"embeddable":true,"href":"https:\/\/linitiative.ca\/International\/wp-json\/wp\/v2\/users\/1737"}],"replies":[{"embeddable":true,"href":"https:\/\/linitiative.ca\/International\/wp-json\/wp\/v2\/comments?post=76671"}],"version-history":[{"count":0,"href":"https:\/\/linitiative.ca\/International\/wp-json\/wp\/v2\/posts\/76671\/revisions"}],"wp:attachment":[{"href":"https:\/\/linitiative.ca\/International\/wp-json\/wp\/v2\/media?parent=76671"}],"wp:term":[{"taxonomy":"category","embeddable":true,"href":"https:\/\/linitiative.ca\/International\/wp-json\/wp\/v2\/categories?post=76671"},{"taxonomy":"post_tag","embeddable":true,"href":"https:\/\/linitiative.ca\/International\/wp-json\/wp\/v2\/tags?post=76671"}],"curies":[{"name":"wp","href":"https:\/\/api.w.org\/{rel}","templated":true}]}}