{"id":76674,"date":"2020-02-20T04:10:37","date_gmt":"2020-02-20T09:10:37","guid":{"rendered":"https:\/\/linitiative.ca\/International\/vendredi-22-fevrier-2019-le-debut-dune-longue-serie\/"},"modified":"2020-02-20T04:10:37","modified_gmt":"2020-02-20T09:10:37","slug":"vendredi-22-fevrier-2019-le-debut-dune-longue-serie","status":"publish","type":"post","link":"https:\/\/linitiative.ca\/International\/vendredi-22-fevrier-2019-le-debut-dune-longue-serie\/","title":{"rendered":"Vendredi 22 f\u00e9vrier 2019, le d\u00e9but d\u2019une longue s\u00e9rie"},"content":{"rendered":"<h4 class=\"title-14\">Les alg\u00e9riens ont tent\u00e9 de marcher sur El Mouradia lors de la premi\u00e8re manifestation<\/h4>\n<div class=\"featured_image\"><img loading=\"lazy\" decoding=\"async\" width=\"1000\" height=\"774\" src=\"https:\/\/www.elwatan.com\/wp-content\/uploads\/2020\/02\/manif-5-mandat-col.gif\" class=\"attachment-post-thumbnail size-post-thumbnail wp-post-image\" alt=\"\"\/><\/div>\n<p class=\"p4\"><span class=\"s1\"><strong>Cela fait une ann\u00e9e que les Alg\u00e9riennes et les Alg\u00e9riens sortent en masse, dans la rue, chaque mardi et vendredi, pour r\u00e9clamer la d\u00e9mocratie et la libert\u00e9. Et en ce 21 f\u00e9vrier 2020, le peuple signera son \u00abvendredi 53\u00bb.<\/strong><\/span><\/p>\n<p class=\"p6\"><span class=\"s1\">L<\/span>e 22 f\u00e9vrier 2019, au matin, et durant les quelques jours pr\u00e9c\u00e9dant cette date, personne ne se doutait que le \u00abmouvement\u00bb, qui adoptera par la suite l\u2019appellation de \u00abhirak\u00bb ou \u00abharak\u00bb, allait s\u2019inscrire dans le temps.<\/p>\n<p class=\"p7\">Aujourd\u2019hui, cela fait une ann\u00e9e que les Alg\u00e9riennes et les Alg\u00e9riens sortent, en masse, dans la rue, chaque mardi et vendredi, pour r\u00e9clamer la d\u00e9mocratie et la libert\u00e9. Et en ce 21 f\u00e9vrier 2020, le peuple signera son \u00abvendredi 53\u00bb.<\/p>\n<p class=\"p7\">S\u2019il y a eu quelques manifestations au d\u00e9but de ce mois de f\u00e9vrier de l\u2019ann\u00e9e pass\u00e9e, comme ce fut le cas \u00e0 Chlef, le 13, Kherata le 16 et Khenchela le 19 du m\u00eame mois, contre le 5<sup>e<\/sup> mandat de Abdelaziz Bouteflika, ou comme c\u2019est le cas \u00e0 Khenchela pour d\u00e9noncer la provocation d\u2019un P\/APC (une manifestation durant laquelle un portrait g\u00e9ant de Bouteflika, accroch\u00e9 la veille sur la fa\u00e7ade de la mairie, a \u00e9t\u00e9 arrach\u00e9 et pi\u00e9tin\u00e9), le coup de starter des marches du vendredi a \u00e9t\u00e9 donn\u00e9 donc le 22 f\u00e9vrier, et ce, suite \u00e0 des appels anonymes lanc\u00e9s et partag\u00e9s sur les r\u00e9seaux sociaux. Pourtant, \u00e0 la veille de ce \u00abpremier vendredi\u00bb, des appr\u00e9hensions ont \u00e9t\u00e9 exprim\u00e9es par plus d\u2019un.<\/p>\n<p class=\"p7\">L\u2019appel \u00e0 manifester apr\u00e8s la pri\u00e8re du vendredi a fait na\u00eetre chez certains des craintes par rapport \u00e0 une quelconque \u00abmanipulation\u00bb islamiste. Il n\u2019en fut rien. Le mouvement a \u00e9t\u00e9 sans \u00abcouleur\u00bb id\u00e9ologique. Il l\u2019est toujours aujourd\u2019hui.<\/p>\n<p class=\"p7\">Ce vendredi-l\u00e0, au matin, il y avait de l\u2019h\u00e9sitation dans l\u2019air. Les services de s\u00e9curit\u00e9 s\u2019\u00e9taient bien \u00e9videmment pr\u00e9par\u00e9s \u00e0 toute \u00e9ventualit\u00e9. Un fort dispositif de s\u00e9curit\u00e9 \u00e9tait d\u00e9ploy\u00e9 dans diff\u00e9rents coins de la capitale, notamment \u00e0 la place du 1<sup>er<\/sup> Mai.<\/p>\n<p class=\"p7\">Or, d\u00e8s 11h, des groupes de citoyens, femmes et hommes, ont commenc\u00e9 \u00e0 affluer vers cette place. Quelques rares personnalit\u00e9s connues ont \u00e9galement tenu \u00e0 \u00eatre pr\u00e9sentes. Mais elles n\u2019\u00e9taient pas nombreuses. Ces premiers noyaux ont \u00e9t\u00e9 vite r\u00e9prim\u00e9s par les policiers anti\u00e9meute.<\/p>\n<p class=\"p7\">L\u2019\u00e9conomiste Sma\u00efl Lalmas, qui s\u2019exprimait devant des journalistes, a \u00e9t\u00e9 gaz\u00e9 par un policier. Des jeunes du quartier se sont propos\u00e9s pour lui fournir du vinaigre. Les policiers ont bloqu\u00e9 les acc\u00e8s menant vers la place du 1<sup>er<\/sup> Mai sur le boulevard Belouizdad et la station urbaine. Plusieurs jeunes ont \u00e9t\u00e9 interpell\u00e9s et il y a eu usage de gaz lacrymog\u00e8nes.<\/p>\n<p class=\"p7\">Ce n\u2019est qu\u2019avec l\u2019arriv\u00e9e des plus gros contingents, apr\u00e8s la pri\u00e8re, que les choses ont commenc\u00e9 \u00e0 se tasser. La grande foule \u00e9tait l\u00e0 finalement. Les manifestants cherchaient d\u2019autres passages, \u00e9vitant du coup de se confronter \u00e0 la police. Il avait fallu contourner ces \u00abbarrages\u00bb.<\/p>\n<p class=\"p7\">La marche a fini par s\u2019\u00e9branler. Le caract\u00e8re pacifique du mouvement s\u2019est install\u00e9 donc d\u00e8s ce premier jour, m\u00eame si, de temps \u00e0 autre, quelques jeunes, dont le nombre n\u2019\u00e9tait pas important, tentaient d\u2019en \u00abd\u00e9coudre\u00bb avec les policiers.<\/p>\n<p class=\"p7\">Le mot d\u2019ordre principal \u00e9tait relatif au rejet du 5<sup>e<\/sup> mandat. <em>\u00abMakanch el khamsa ya Bouteflika, djibou l BRI zidou Sa3ika !\u00bb, \u00abKlitou lebled ya serakine !\u00bb, \u00abCha3b la yourid, Bouteflika oua Said !\u00bb<\/em> \u00e9taient les principaux slogans scand\u00e9s lors de cette premi\u00e8re manifestation.<\/p>\n<p class=\"p7\">Durant ce premier vendredi, les manifestants sont pass\u00e9s par le palais du gouvernement pour tenter d\u2019arriver \u00e0 El Mouradia, le si\u00e8ge de la pr\u00e9sidence de la R\u00e9publique.<\/p>\n<p class=\"p7\">Parmi les manifestants, certains tentaient de convaincre d\u2019autres qu\u2019il est inutile d\u2019aller vers ce lieu. <em>\u00abDe toute fa\u00e7on, il n\u2019y a personne l\u00e0-bas\u00bb<\/em>, disaient-ils, faisant allusion au fait que Bouteflika avait \u00e9lu domicile, depuis un moment d\u00e9j\u00e0, dans une r\u00e9sidence m\u00e9dicalis\u00e9e \u00e0 Z\u00e9ralda, \u00e0 l\u2019ouest d\u2019Alger.<\/p>\n<p class=\"p7\">Des \u00e9chauffour\u00e9es ont \u00e9clat\u00e9 au T\u00e9lemly et au niveau de la place Adis-Abeba. Pas question de laisser passer qui que ce soit vers la Pr\u00e9sidence. En fin d\u2019apr\u00e8s-midi, des affrontements ont eu lieu \u00e9galement aux abords de la place du 1<sup>er<\/sup> Mai.<\/p>\n<p class=\"p7\">En d\u00e9but de soir\u00e9e, le calme \u00e9tait revenu un peu partout. Des arrestations, quelques bless\u00e9s, mais pas de gros d\u00e9g\u00e2ts. Le peuple alg\u00e9rien sortira-t-il lors du prochain vendredi, se demandaient les uns et les autres. La r\u00e9ponse est oui.<\/p>\n<p class=\"p7\">En effet, le vendredi d\u2019apr\u00e8s, le deuxi\u00e8me du hirak, la mobilisation \u00e9tait encore plus forte. Les craintes quant \u00e0 une manipulation des islamistes se sont dissip\u00e9es. Lors de ce deuxi\u00e8me vendredi, des \u00e9chauffour\u00e9es ont \u00e9galement eu lieu.<\/p>\n<p class=\"p7\">Des dizaines de bless\u00e9s et aussi des arrestations. Mais peu \u00e0 peu, le pacifisme l\u2019a emport\u00e9. Ceci, d\u2019autant plus que les policiers, devant l\u2019insistance des protestataires, ne tentaient plus de fermer certains acc\u00e8s.<\/p>\n<p><span class=\"post-views-label\">Post Views:<\/span> <span class=\"post-views-count\">772<\/span><\/p>\n<p><br class=\"c2\"\/><br class=\"c5\"\/><\/p>\n<p>Auteur: Anis Khecheba<br \/>\n<a href=\"https:\/\/www.elwatan.com\/edition\/actualite\/vendredi-22-fevrier-2019-le-debut-dune-longue-serie-20-02-2020\">Cliquez ici pour lire l&rsquo;article depuis sa source.<\/a><\/p>\n","protected":false},"excerpt":{"rendered":"<p>Les alg\u00e9riens ont tent\u00e9 de marcher sur El Mouradia lors de la premi\u00e8re manifestation Cela fait une ann\u00e9e que les Alg\u00e9riennes et les Alg\u00e9riens sortent en masse, dans la rue, chaque mardi et vendredi, pour r\u00e9clamer la d\u00e9mocratie et la libert\u00e9. Et en ce 21 f\u00e9vrier 2020, le peuple signera son \u00abvendredi 53\u00bb. Le 22 [&hellip;]<\/p>\n","protected":false},"author":1743,"featured_media":76675,"comment_status":"closed","ping_status":"closed","sticky":false,"template":"","format":"standard","meta":{"fifu_image_url":"","fifu_image_alt":"","footnotes":""},"categories":[73,53],"tags":[],"class_list":["post-76674","post","type-post","status-publish","format-standard","has-post-thumbnail","hentry","category-actualite","category-algerie"],"_links":{"self":[{"href":"https:\/\/linitiative.ca\/International\/wp-json\/wp\/v2\/posts\/76674","targetHints":{"allow":["GET"]}}],"collection":[{"href":"https:\/\/linitiative.ca\/International\/wp-json\/wp\/v2\/posts"}],"about":[{"href":"https:\/\/linitiative.ca\/International\/wp-json\/wp\/v2\/types\/post"}],"author":[{"embeddable":true,"href":"https:\/\/linitiative.ca\/International\/wp-json\/wp\/v2\/users\/1743"}],"replies":[{"embeddable":true,"href":"https:\/\/linitiative.ca\/International\/wp-json\/wp\/v2\/comments?post=76674"}],"version-history":[{"count":0,"href":"https:\/\/linitiative.ca\/International\/wp-json\/wp\/v2\/posts\/76674\/revisions"}],"wp:featuredmedia":[{"embeddable":true,"href":"https:\/\/linitiative.ca\/International\/wp-json\/"}],"wp:attachment":[{"href":"https:\/\/linitiative.ca\/International\/wp-json\/wp\/v2\/media?parent=76674"}],"wp:term":[{"taxonomy":"category","embeddable":true,"href":"https:\/\/linitiative.ca\/International\/wp-json\/wp\/v2\/categories?post=76674"},{"taxonomy":"post_tag","embeddable":true,"href":"https:\/\/linitiative.ca\/International\/wp-json\/wp\/v2\/tags?post=76674"}],"curies":[{"name":"wp","href":"https:\/\/api.w.org\/{rel}","templated":true}]}}