{"id":76678,"date":"2020-02-20T04:12:15","date_gmt":"2020-02-20T09:12:15","guid":{"rendered":"https:\/\/linitiative.ca\/International\/la-conference-nationale-des-activistes-du-hirak-interdite\/"},"modified":"2020-02-20T04:12:15","modified_gmt":"2020-02-20T09:12:15","slug":"la-conference-nationale-des-activistes-du-hirak-interdite","status":"publish","type":"post","link":"https:\/\/linitiative.ca\/International\/la-conference-nationale-des-activistes-du-hirak-interdite\/","title":{"rendered":"La conf\u00e9rence nationale des activistes du\u00a0hirak interdite"},"content":{"rendered":"<h4 class=\"title-14\">Les organisateurs annoncent le report de la rencontre<\/h4>\n<div class=\"featured_image\"><img loading=\"lazy\" decoding=\"async\" width=\"1000\" height=\"507\" src=\"https:\/\/www.elwatan.com\/wp-content\/uploads\/2020\/02\/societe-civile.gif\" class=\"attachment-post-thumbnail size-post-thumbnail wp-post-image\" alt=\"\"\/><\/div>\n<p class=\"p3\"><span class=\"s1\"><strong>Jusqu\u2019\u00e0 hier apr\u00e8s-midi, les organisateurs n\u2019ont re\u00e7u aucune r\u00e9ponse \u00e0 leur demande d\u2019autorisation introduite une semaine auparavant. Les animateurs sont ainsi contraints de reporter la rencontre en question.<\/strong><\/span><\/p>\n<p class=\"p3\">La conf\u00e9rence nationale des dynamiques de la soci\u00e9t\u00e9 civile et des activistes du hirak, pr\u00e9vue pour aujourd\u2019hui \u00e0 la salle Harcha d\u2019Alger, n\u2019aura pas lieu.<\/p>\n<p class=\"p3\">Les services de la DRAG de la wilaya d\u2019Alger refusent d\u2019autoriser cette rencontre. Jusqu\u2019\u00e0 hier apr\u00e8s-midi, les organisateurs n\u2019ont re\u00e7u aucune r\u00e9ponse \u00e0 leur demande d\u2019autorisation introduite une semaine auparavant.<\/p>\n<p class=\"p3\"><em>\u00abCe silence est synonyme d\u2019un refus d\u2019autorisation de notre conf\u00e9rence\u00bb<\/em>, d\u00e9nonce Sa\u00efd Salhi, vice-pr\u00e9sident de la Ligue alg\u00e9rienne pour la d\u00e9fense des droits de l\u2019homme (LADDH) et membre du collectif qui a pr\u00e9par\u00e9 ce rendez-vous devant r\u00e9unir des participants de plusieurs wilayas.<\/p>\n<p class=\"p3\">Les organisateurs sont ainsi contraints de reporter la rencontre en question. <em>\u00abNous, dynamiques et activistes du hirak, avons appel\u00e9, dans le cadre de la c\u00e9l\u00e9bration du 1<sup>er<\/sup> anniversaire du mouvement populaire, \u00e0 l\u2019organisation, le 20 f\u00e9vrier<\/em> (aujourd\u2019hui, ndlr)<em>, d\u2019une conf\u00e9rence nationale unitaire.<\/em><\/p>\n<p class=\"p3\"><em>Apr\u00e8s accord des responsables de la salle Harcha Hassan, nous avons introduit une demande d\u2019autorisation aupr\u00e8s de l\u2019administration de la wilaya d\u2019Alger.<\/em><\/p>\n<p class=\"p3\"><em>Mais nous avons \u00e9t\u00e9 surpris par l\u2019absence de r\u00e9ponse \u00e0 notre demande\u00bb<\/em>, expliquent les organisateurs de ce rendez-vous dans un communiqu\u00e9 rendu public hier. Et d\u2019ajouter\u00a0: <em>\u00abDevant cette situation, nous sommes contraints de reporter ce rendez-vous.\u00bb<\/em><\/p>\n<p class=\"p3\"><strong>\u00abAlg\u00e9rie nouvelle\u00bb avec d\u2019anciennes pratiques<\/strong><\/p>\n<p class=\"p3\">Rappelant l\u2019interdiction de leur conf\u00e9rence de presse devant \u00eatre anim\u00e9e, mardi dernier, \u00e0 l\u2019h\u00f4tel d\u2019El Biar, les initiateurs de cette d\u00e9marche d\u00e9noncent la persistance des pratiques autoritaires du pouvoir.<\/p>\n<p class=\"p3\"><em>\u00abNous condamnons avec force ces agissements qui sont en contradiction avec le discours officiel qui salue \u201cle hirak b\u00e9ni\u2019\u2019, tout en pr\u00e9tendant vouloir lever les contraintes devant les activit\u00e9s politiques et associatives.<\/em><\/p>\n<p class=\"p3\"><em>Le r\u00e9gime d\u00e9montre, \u00e0 travers ces pratiques, qu\u2019il est fid\u00e8le \u00e0 sa nature autoritaire et dictatoriale, en mettant \u00e0 profit l\u2019arsenal juridique arbitraire pour emp\u00eacher<\/em> <em>les Alg\u00e9riens d\u2019exercer pleinement leur droit \u00e0 la r\u00e9union dans des salles publiques\u00bb<\/em>, ajoute-t-on dans le m\u00eame communiqu\u00e9.<\/p>\n<p class=\"p3\">Annon\u00e7ant l\u2019organisation, pour la journ\u00e9e d\u2019aujourd\u2019hui, d\u2019une conf\u00e9rence de presse pour rendre publique la d\u00e9claration devant \u00eatre adopt\u00e9e par les participants au rendez-vous ajourn\u00e9, les animateurs affichent leur engagement \u00e0 maintenir leur initiative.<\/p>\n<p class=\"p3\"><em>\u00abNous r\u00e9it\u00e9rons notre<\/em> <em>d\u00e9termination \u00e0 poursuivre la<\/em> <em>r\u00e9alisation de cette initiative que nous souhaitons \u00eatre un apport \u00e0 la lutte pacifique pour la satisfaction des revendications l\u00e9gitimes du mouvement populaire.<\/em><\/p>\n<p class=\"p3\"><em>Nous renouvellerons \u00e9galement notre soutien \u00e0 la r\u00e9volution populaire jusqu\u2019\u00e0 la r\u00e9alisation enti\u00e8re de ses objectifs, afin d\u2019imposer la volont\u00e9 populaire consistant \u00e0 mettre en place une v\u00e9ritable transition d\u00e9mocratique\u00bb<\/em>, assurent-ils.<\/p>\n<p class=\"p3\">C\u2019est la seconde conf\u00e9rence des acteurs oppos\u00e9s \u00e0 l\u2019agenda du pouvoir en place qui vient d\u2019\u00eatre interdite. Le 25 janvier dernier, rappelons-le, ce sont les membres de partis agr\u00e9\u00e9s, en l\u2019occurrence le Pacte pour l\u2019alternative d\u00e9mocratique (PAD), qui ont \u00e9t\u00e9 emp\u00each\u00e9s de tenir leur conf\u00e9rence \u00e0 la Safex d\u2019Alger.<\/p>\n<p class=\"p3\">Ces derniers ont \u00e9t\u00e9 contraints de l\u2019organiser au si\u00e8ge national du RCD. Cela confirme le grand d\u00e9calage entre le discours officiel pr\u00f4n\u00e9 par le repr\u00e9sentant du pouvoir en place et les pratiques liberticides du r\u00e9gime.<\/p>\n<p class=\"p3\">Peut-on construire \u00abune Alg\u00e9rie nouvelle\u00bb avec une mentalit\u00e9 ancienne\u00a0? Il semble que les tenants du r\u00e9gime veulent \u00abconstruire leur consensus\u00bb, seulement, avec les partisans de sa d\u00e9marche. Ils n\u2019ont visiblement rien compris aux messages d\u00e9livr\u00e9s par le hirak qu\u2019ils qualifient de <em>\u00abb\u00e9ni\u00bb<\/em>\u2026<\/p>\n<p><span class=\"post-views-label\">Post Views:<\/span> <span class=\"post-views-count\">3\u00a0315<\/span><\/p>\n<p><br class=\"c2\"\/><br class=\"c5\"\/><\/p>\n<p>Auteur: Anis Khecheba<br \/>\n<a href=\"https:\/\/www.elwatan.com\/edition\/actualite\/la-conference-nationale-des-activistes-du-hirak-interdite-20-02-2020\">Cliquez ici pour lire l&rsquo;article depuis sa source.<\/a><\/p>\n","protected":false},"excerpt":{"rendered":"<p>Les organisateurs annoncent le report de la rencontre Jusqu\u2019\u00e0 hier apr\u00e8s-midi, les organisateurs n\u2019ont re\u00e7u aucune r\u00e9ponse \u00e0 leur demande d\u2019autorisation introduite une semaine auparavant. Les animateurs sont ainsi contraints de reporter la rencontre en question. La conf\u00e9rence nationale des dynamiques de la soci\u00e9t\u00e9 civile et des activistes du hirak, pr\u00e9vue pour aujourd\u2019hui \u00e0 la [&hellip;]<\/p>\n","protected":false},"author":1743,"featured_media":76679,"comment_status":"closed","ping_status":"closed","sticky":false,"template":"","format":"standard","meta":{"fifu_image_url":"","fifu_image_alt":"","footnotes":""},"categories":[73,53],"tags":[],"class_list":["post-76678","post","type-post","status-publish","format-standard","has-post-thumbnail","hentry","category-actualite","category-algerie"],"_links":{"self":[{"href":"https:\/\/linitiative.ca\/International\/wp-json\/wp\/v2\/posts\/76678","targetHints":{"allow":["GET"]}}],"collection":[{"href":"https:\/\/linitiative.ca\/International\/wp-json\/wp\/v2\/posts"}],"about":[{"href":"https:\/\/linitiative.ca\/International\/wp-json\/wp\/v2\/types\/post"}],"author":[{"embeddable":true,"href":"https:\/\/linitiative.ca\/International\/wp-json\/wp\/v2\/users\/1743"}],"replies":[{"embeddable":true,"href":"https:\/\/linitiative.ca\/International\/wp-json\/wp\/v2\/comments?post=76678"}],"version-history":[{"count":0,"href":"https:\/\/linitiative.ca\/International\/wp-json\/wp\/v2\/posts\/76678\/revisions"}],"wp:featuredmedia":[{"embeddable":true,"href":"https:\/\/linitiative.ca\/International\/wp-json\/"}],"wp:attachment":[{"href":"https:\/\/linitiative.ca\/International\/wp-json\/wp\/v2\/media?parent=76678"}],"wp:term":[{"taxonomy":"category","embeddable":true,"href":"https:\/\/linitiative.ca\/International\/wp-json\/wp\/v2\/categories?post=76678"},{"taxonomy":"post_tag","embeddable":true,"href":"https:\/\/linitiative.ca\/International\/wp-json\/wp\/v2\/tags?post=76678"}],"curies":[{"name":"wp","href":"https:\/\/api.w.org\/{rel}","templated":true}]}}