{"id":76680,"date":"2020-02-20T04:13:00","date_gmt":"2020-02-20T09:13:00","guid":{"rendered":"https:\/\/linitiative.ca\/International\/interpelle-hier-par-les-services-de-securite-le-dg-dooredoo-expulse\/"},"modified":"2020-02-20T04:13:00","modified_gmt":"2020-02-20T09:13:00","slug":"interpelle-hier-par-les-services-de-securite-le-dg-dooredoo-expulse","status":"publish","type":"post","link":"https:\/\/linitiative.ca\/International\/interpelle-hier-par-les-services-de-securite-le-dg-dooredoo-expulse\/","title":{"rendered":"Interpell\u00e9 hier par les services de s\u00e9curit\u00e9 : Le DG d\u2019Ooredoo expuls\u00e9"},"content":{"rendered":"<h4 class=\"title-14\"\/>\n<div class=\"featured_image\"><img loading=\"lazy\" decoding=\"async\" width=\"1000\" height=\"546\" src=\"https:\/\/www.elwatan.com\/wp-content\/uploads\/2020\/02\/UNEEEEE-5.gif\" class=\"attachment-post-thumbnail size-post-thumbnail wp-post-image\" alt=\"\"\/><\/div>\n<p class=\"p4\"><strong>Nomm\u00e9 au d\u00e9but du mois d\u2019ao\u00fbt dernier en tant que directeur g\u00e9n\u00e9ral d\u2019Ooredoo Alg\u00e9rie, l\u2019Allemand Nikolai Beckers a \u00e9t\u00e9 interpell\u00e9, hier matin \u00e0 Alger, par les services de la s\u00e9curit\u00e9 int\u00e9rieure, avant d\u2019\u00eatre expuls\u00e9 du pays en fin de journ\u00e9e, apprend-on de sources s\u00fbres.<\/strong><\/p>\n<p class=\"p6\"><span class=\"s1\">N<\/span>ikolai Beckers, directeur g\u00e9n\u00e9ral de l\u2019op\u00e9rateur de t\u00e9l\u00e9phonie mobile, Ooredoo Alg\u00e9rie, a \u00e9t\u00e9 expuls\u00e9 hier vers l\u2019Allemagne apr\u00e8s avoir \u00e9t\u00e9 interpell\u00e9 et interrog\u00e9 par les services de la s\u00e9curit\u00e9 int\u00e9rieure, \u00e0 Alger.<\/p>\n<p class=\"p6\">Des officiers lui ont rendu visite \u00e0 son bureau, \u00e0 Ouled Fayet, et lui ont demand\u00e9 de les suivre dans l\u2019un des v\u00e9hicules banalis\u00e9s.<\/p>\n<p class=\"p7\">De nombreux m\u00e9dias l\u2019ont donn\u00e9 comme \u00e9tant <em>\u00abexpuls\u00e9 manu-militari\u00bb<\/em> par les autorit\u00e9s alg\u00e9riennes, mais cette proc\u00e9dure extr\u00eame n\u2019est intervenue qu\u2019en fin de journ\u00e9e.<\/p>\n<p class=\"p7\">Le responsable, de nationalit\u00e9 allemande, a \u00e9t\u00e9 auditionn\u00e9 dans les locaux des services de la s\u00e9curit\u00e9 int\u00e9rieure (DSI) durant plusieurs heures sur divers faits li\u00e9s, entre autres, nous dit-on, <em>\u00ab\u00e0<\/em> <em>l\u2019expiration de son permis de travail, \u00e0 des pr\u00e9sum\u00e9s transferts de fonds et \u00e0 cette op\u00e9ration suspicieuse de compression progressive de pr\u00e8s de 900 employ\u00e9s\u00bb<\/em>. Aucune autre information ne nous a \u00e9t\u00e9 donn\u00e9e sur le sujet.<\/p>\n<p class=\"p7\">Nomm\u00e9 par le groupe qatari Ooredoo, le 4 ao\u00fbt 2019, Nickolai Beckers avait pour mission principale de <em>\u00abmettre de l\u2019ordre\u00bb<\/em> dans l\u2019entreprise, en engageant un plan d\u2019action qui consiste \u00e0 d\u00e9graisser le personnel, par le licenciement progressif de quelque 900 employ\u00e9s, se mettant \u00e0 dos les repr\u00e9sentants des travailleurs.<\/p>\n<p class=\"p7\">Ces derniers comprenaient mal <em>\u00abcette politique qui consiste<\/em>, nous dit-on, <em>\u00e0 compresser l\u2019effectif et au m\u00eame<\/em> <em>moment, recruter des expatri\u00e9s avec des salaires exorbitants en devises\u00bb<\/em><span class=\"s2\">.<\/span> Mais il n\u2019y a pas que cela, r\u00e9v\u00e8lent nos interlocuteurs.<\/p>\n<p class=\"p7\"><em>\u00abDe lourdes suspicions p\u00e8sent sur certaines d\u00e9penses jug\u00e9es par les syndicalistes exorbitantes, citant l\u2019exemple<\/em> <span class=\"s2\">\u201c<\/span><em>du dernier regroupement du staff de la direction au Maroc, durant cinq jours, au prix fort\u201d.\u00bb<\/em> Il faut dire que Becker s\u2019est retrouv\u00e9 dans l\u2019\u0153il du cyclone.<\/p>\n<p class=\"p7\">A-t-il commis des faits qui tombent sous le coup de la loi ou suscit\u00e9 la col\u00e8re des autorit\u00e9s en pr\u00e9parant la mise au ch\u00f4mage de pr\u00e8s d\u2019un millier de travailleurs, au moment o\u00f9 le pays vit une crise \u00e9conomique des plus inqui\u00e9tantes\u00a0?<\/p>\n<p class=\"p7\">Peut-on croire que cette arrestation suivie d\u2019expulsion soit li\u00e9e uniquement \u00e0 une affaire de compression d\u2019effectifs et de gestion\u00a0?<\/p>\n<p class=\"p7\">La question reste pos\u00e9e, mais en attendant la r\u00e9ponse, il est important de souligner que durant toute la journ\u00e9e d\u2019hier, aucune information officielle sur cette affaire n\u2019a \u00e9t\u00e9 rendue publique, \u00e0 l\u2019exception d\u2019un communiqu\u00e9 laconique d\u2019Ooredoo Alg\u00e9rie, qui confirme indirectement l\u2019arrestation, sans pour autant entrer dans les d\u00e9tails.<\/p>\n<blockquote readability=\"10\">\n<p class=\"p7\"><strong><span class=\"s1\">Communiqu\u00e9 d\u2019Ooredoo<\/span><\/strong><\/p>\n<p class=\"p7\"><span class=\"s1\">Suite aux informations relay\u00e9es par certains m\u00e9dias \u00e9lectroniques ainsi que sur les r\u00e9seaux sociaux \u00e0 propos du directeur g\u00e9n\u00e9ral Nikola\u00ef Beckers, Ooredoo Alg\u00e9rie ne peut faire de commentaire sur cette question \u00e0 ce stade. Jusqu\u2019\u00e0 l\u2019heure, Ooredoo Alg\u00e9rie est en train de recueillir les informations y aff\u00e9rentes.\u00a0<\/span><\/p>\n<\/blockquote>\n<p><span class=\"post-views-label\">Post Views:<\/span> <span class=\"post-views-count\">11\u00a0534<\/span><\/p>\n<p><br class=\"c2\"\/><br class=\"c5\"\/><\/p>\n<p>Auteur: Anis Khecheba<br \/>\n<a href=\"https:\/\/www.elwatan.com\/edition\/actualite\/interpelle-hier-par-les-services-de-securite-le-dg-dooredoo-expulse-20-02-2020\">Cliquez ici pour lire l&rsquo;article depuis sa source.<\/a><\/p>\n","protected":false},"excerpt":{"rendered":"<p>Nomm\u00e9 au d\u00e9but du mois d\u2019ao\u00fbt dernier en tant que directeur g\u00e9n\u00e9ral d\u2019Ooredoo Alg\u00e9rie, l\u2019Allemand Nikolai Beckers a \u00e9t\u00e9 interpell\u00e9, hier matin \u00e0 Alger, par les services de la s\u00e9curit\u00e9 int\u00e9rieure, avant d\u2019\u00eatre expuls\u00e9 du pays en fin de journ\u00e9e, apprend-on de sources s\u00fbres. Nikolai Beckers, directeur g\u00e9n\u00e9ral de l\u2019op\u00e9rateur de t\u00e9l\u00e9phonie mobile, Ooredoo Alg\u00e9rie, [&hellip;]<\/p>\n","protected":false},"author":1743,"featured_media":76681,"comment_status":"closed","ping_status":"closed","sticky":false,"template":"","format":"standard","meta":{"fifu_image_url":"","fifu_image_alt":"","footnotes":""},"categories":[73,53],"tags":[],"class_list":["post-76680","post","type-post","status-publish","format-standard","has-post-thumbnail","hentry","category-actualite","category-algerie"],"_links":{"self":[{"href":"https:\/\/linitiative.ca\/International\/wp-json\/wp\/v2\/posts\/76680","targetHints":{"allow":["GET"]}}],"collection":[{"href":"https:\/\/linitiative.ca\/International\/wp-json\/wp\/v2\/posts"}],"about":[{"href":"https:\/\/linitiative.ca\/International\/wp-json\/wp\/v2\/types\/post"}],"author":[{"embeddable":true,"href":"https:\/\/linitiative.ca\/International\/wp-json\/wp\/v2\/users\/1743"}],"replies":[{"embeddable":true,"href":"https:\/\/linitiative.ca\/International\/wp-json\/wp\/v2\/comments?post=76680"}],"version-history":[{"count":0,"href":"https:\/\/linitiative.ca\/International\/wp-json\/wp\/v2\/posts\/76680\/revisions"}],"wp:featuredmedia":[{"embeddable":true,"href":"https:\/\/linitiative.ca\/International\/wp-json\/"}],"wp:attachment":[{"href":"https:\/\/linitiative.ca\/International\/wp-json\/wp\/v2\/media?parent=76680"}],"wp:term":[{"taxonomy":"category","embeddable":true,"href":"https:\/\/linitiative.ca\/International\/wp-json\/wp\/v2\/categories?post=76680"},{"taxonomy":"post_tag","embeddable":true,"href":"https:\/\/linitiative.ca\/International\/wp-json\/wp\/v2\/tags?post=76680"}],"curies":[{"name":"wp","href":"https:\/\/api.w.org\/{rel}","templated":true}]}}