{"id":76691,"date":"2020-02-20T05:00:00","date_gmt":"2020-02-20T10:00:00","guid":{"rendered":"https:\/\/linitiative.ca\/International\/le-coronavirus-empeche-la-tenue-du-salon-du-mobile-de-barcelone-mwc-2020\/"},"modified":"2020-02-20T05:00:00","modified_gmt":"2020-02-20T10:00:00","slug":"le-coronavirus-empeche-la-tenue-du-salon-du-mobile-de-barcelone-mwc-2020","status":"publish","type":"post","link":"https:\/\/linitiative.ca\/International\/le-coronavirus-empeche-la-tenue-du-salon-du-mobile-de-barcelone-mwc-2020\/","title":{"rendered":"Le coronavirus emp\u00eache la tenue du Salon du mobile de Barcelone, MWC-2020"},"content":{"rendered":"<p>Comme il fallait s\u2019y attendre, l\u2019Association mondiale des op\u00e9rateurs t\u00e9l\u00e9coms (GSMA), organisatrice du Salon mondial du mobile (MWC) de Barcelone, a fini par d\u00e9cider d\u2019annuler ce grand rendez-vous des technologies mobiles \u00e0 cause de l\u2019\u00e9pid\u00e9mie du coronavirus (covid-19). Apr\u00e8s avoir annonc\u00e9, dans un premier temps, avoir pris des mesures pr\u00e9ventives pour \u00e9viter toute propagation du virus, la GSMA pr\u00e9f\u00e8re tout simplement annuler l\u2019\u00e9dition 2020 d\u2019autant plus que plusieurs participants dont LG Electronics, Ericsson, Nokia, Sony ou encore Vodafone, NTT DoComo et Deutsche Telekom, entre autres, avaient annonc\u00e9 leur retrait. Pour GSMA, l\u2019annulation du Salon MWC-2020 \u00e9tait la seule option devant la prolif\u00e9ration de l\u2019\u00e9pid\u00e9mie au niveau international dont plus de 30 pays dans le monde sont d\u00e9j\u00e0 touch\u00e9s par le coronavirus, qualifiant la d\u00e9cision de situation de force majeure. \u00abNous avons regard\u00e9 les donn\u00e9es et nous en avons conclu hier (mercredi) que la grande majorit\u00e9 de ceux qui avaient pr\u00e9vu de participer ne seraient pas l\u00e0, a expliqu\u00e9 John Hoffman, P-dg de la GSMA, au lendemain de son annulation. Nous avons envisag\u00e9 de repousser l&rsquo;\u00e9v\u00e9nement, et m\u00eame si cela semblait une bonne id\u00e9e, il est impossible de pr\u00e9dire quand cette situation prendra fin. Donc cela ne pouvait pas \u00eatre fait (\u2026) Ce qui nous am\u00e8ne \u00e0 notre seule option: malheureusement, il est impossible de maintenir le MWC Barcelone 2020.\u00bb Ce grand salon annuel de l\u2019\u00e9lectronique, de la t\u00e9l\u00e9phonie mobile et des derni\u00e8res technologies devait rassembler plus de 110 000 visiteurs des quatre coins du monde dont plus de 5 000 Chinois. Et comme l\u2019\u00e9pid\u00e9mie covid-19 est partie de la Chine, le risque de contamination est ainsi tr\u00e8s \u00e9lev\u00e9 ; m\u00eame si, selon les autorit\u00e9s locales, il n&rsquo;y a pas de situation d&rsquo;alerte sanitaire en Espagne. \u00abNous avons \u00e9t\u00e9 forc\u00e9s de prendre cette d\u00e9cision tr\u00e8s difficile (&#8230;) Il s&rsquo;agit r\u00e9ellement d&rsquo;une situation de force majeure\u00bb, a affirm\u00e9 le directeur g\u00e9n\u00e9ral de GSMA Mats Granryd, selon l\u2019AFP, soulignant qu&rsquo;il \u00e9tait encore trop t\u00f4t pour calculer le co\u00fbt de cette d\u00e9cision notamment sur l\u2019\u00e9conomie locale qui sera tr\u00e8s impact\u00e9e par cette annulation.<br \/>Ah. A.<\/p>\n<p>Auteur:<br \/>\n<a href=\"https:\/\/www.lesoirdalgerie.com\/supplement-tic\/le-coronavirus-empeche-la-tenue-du-salon-du-mobile-de-barcelone-mwc-2020-38936\">Cliquez ici pour lire l&rsquo;article depuis sa source.<\/a><\/p>\n","protected":false},"excerpt":{"rendered":"<p>Comme il fallait s\u2019y attendre, l\u2019Association mondiale des op\u00e9rateurs t\u00e9l\u00e9coms (GSMA), organisatrice du Salon mondial du mobile (MWC) de Barcelone, a fini par d\u00e9cider d\u2019annuler ce grand rendez-vous des technologies mobiles \u00e0 cause de l\u2019\u00e9pid\u00e9mie du coronavirus (covid-19). Apr\u00e8s avoir annonc\u00e9, dans un premier temps, avoir pris des mesures pr\u00e9ventives pour \u00e9viter toute propagation du [&hellip;]<\/p>\n","protected":false},"author":1741,"featured_media":0,"comment_status":"closed","ping_status":"closed","sticky":false,"template":"","format":"standard","meta":{"fifu_image_url":"","fifu_image_alt":"","footnotes":""},"categories":[73,53],"tags":[],"class_list":["post-76691","post","type-post","status-publish","format-standard","hentry","category-actualite","category-algerie"],"_links":{"self":[{"href":"https:\/\/linitiative.ca\/International\/wp-json\/wp\/v2\/posts\/76691","targetHints":{"allow":["GET"]}}],"collection":[{"href":"https:\/\/linitiative.ca\/International\/wp-json\/wp\/v2\/posts"}],"about":[{"href":"https:\/\/linitiative.ca\/International\/wp-json\/wp\/v2\/types\/post"}],"author":[{"embeddable":true,"href":"https:\/\/linitiative.ca\/International\/wp-json\/wp\/v2\/users\/1741"}],"replies":[{"embeddable":true,"href":"https:\/\/linitiative.ca\/International\/wp-json\/wp\/v2\/comments?post=76691"}],"version-history":[{"count":0,"href":"https:\/\/linitiative.ca\/International\/wp-json\/wp\/v2\/posts\/76691\/revisions"}],"wp:attachment":[{"href":"https:\/\/linitiative.ca\/International\/wp-json\/wp\/v2\/media?parent=76691"}],"wp:term":[{"taxonomy":"category","embeddable":true,"href":"https:\/\/linitiative.ca\/International\/wp-json\/wp\/v2\/categories?post=76691"},{"taxonomy":"post_tag","embeddable":true,"href":"https:\/\/linitiative.ca\/International\/wp-json\/wp\/v2\/tags?post=76691"}],"curies":[{"name":"wp","href":"https:\/\/api.w.org\/{rel}","templated":true}]}}