{"id":76708,"date":"2020-02-19T18:37:51","date_gmt":"2020-02-19T23:37:51","guid":{"rendered":"https:\/\/linitiative.ca\/International\/imposition-des-primes-et-indemnites-des-fonctionnaires-effective-pour-compter-de-fevrier-2020\/"},"modified":"2020-02-19T18:37:51","modified_gmt":"2020-02-19T23:37:51","slug":"imposition-des-primes-et-indemnites-des-fonctionnaires-effective-pour-compter-de-fevrier-2020","status":"publish","type":"post","link":"https:\/\/linitiative.ca\/International\/imposition-des-primes-et-indemnites-des-fonctionnaires-effective-pour-compter-de-fevrier-2020\/","title":{"rendered":"Imposition des primes et indemnit\u00e9s  des fonctionnaires : Effective pour compter  de f\u00e9vrier 2020"},"content":{"rendered":"<div class=\"td-post-featured-image\" readability=\"35\"><a href=\"https:\/\/i1.wp.com\/www.sidwaya.info\/wp-content\/uploads\/2020\/02\/mmin.gif?fit=787%2C471&#038;ssl=1\" data-caption=\"Le ministre de la Communication et des Relations avec le Parlement, R\u00e9mis Fulgance Dandjinou a appel\u00e9 la population \u00e0 la retenue, \u00e0 la suite de l\u2019incident survenu \u00e0 Laye.\"><img loading=\"lazy\" decoding=\"async\" width=\"696\" height=\"417\" class=\"entry-thumb td-modal-image\" src=\"https:\/\/i1.wp.com\/www.sidwaya.info\/wp-content\/uploads\/2020\/02\/mmin.gif?resize=696%2C417&#038;ssl=1\" alt=\"\" title=\"mmin\"\/><\/a>Le ministre de la Communication et des Relations avec le Parlement, R\u00e9mis Fulgance Dandjinou a appel\u00e9 la population \u00e0 la retenue, \u00e0 la suite de l\u2019incident survenu \u00e0 Laye.<\/div>\n<p><strong>L\u2019hebdomadaire conseil de ministres s\u2019est tenu, le mercredi 19 f\u00e9vrier 2020 \u00e0 Kosyam, sous la conduite du Pr\u00e9sident du Faso, Roch Marc Christian Kabor\u00e9. Plusieurs dossiers \u00e9taient sur la table du gouvernement notamment dans le domaine de l\u2019\u00e9ducation et des \u00e9lections \u00e0 venir.<\/strong><\/p>\n<p>L\u2019Imp\u00f4t unique sur les traitements et salaires (IUTS) sera impos\u00e9 sur les primes et indemnit\u00e9s des agents publics de l\u2019Etat \u00e0 compter du mois de f\u00e9vrier 2020. Le ministre de la Communication et des Relations avec le Parlement, Remis Fulgance Dandjinou l\u2019a fait savoir, \u00e0 l\u2019issue de l\u2019hebdomadaire conseil des ministres, tenu le mercredi 19 f\u00e9vrier 2020 \u00e0 Kosyam. Pour le porte-parole du gouvernement cette d\u00e9cision ob\u00e9it \u00e0 un engagement de l\u2019ex\u00e9cutif de respecter un principe de justice et d\u2019\u00e9quit\u00e9.<\/p>\n<p>A ce propos, il a indiqu\u00e9 que deux \u00e9l\u00e9ments ont \u00e9t\u00e9 mis en \u0153uvre \u00e0 savoir l\u2019acceptabilit\u00e9 de la mesure et la progressivit\u00e9 dans son application. En plus de la question de l\u2019IUTS, le conseil des ministres s\u2019est int\u00e9ress\u00e9 \u00e0 l\u2019incident survenu, le lundi 17 f\u00e9vrier au Centre pour mineur en conflit avec la loi \u00e0 Laye, \u00e0 la suite de la d\u00e9couverte du corps sans vie d\u2019une fillette \u00e0 proximit\u00e9 de l\u2019\u00e9tablissement. \u00ab Le ministre de la justice a fait le point sur la question.<\/p>\n<p>Les pensionnaires du centre ont \u00e9t\u00e9 transf\u00e9r\u00e9s \u00e0 Ouaga et une enqu\u00eate judiciaire est ouverte\u00bb, a indiqu\u00e9 le ministre Dandjinou. Il a appel\u00e9 les populations \u00e0 la retenue. L\u2019ex\u00e9cutif s\u2019est aussi pench\u00e9, au cours de cette rencontre gouvernementale, sur d\u2019autres dossiers d\u2019int\u00e9r\u00eat national. Au titre du minist\u00e8re de l\u2019Administration territoriale, de la D\u00e9centralisation et de la Coh\u00e9sion sociale, il a adopt\u00e9 un d\u00e9cret portant prorogation de la p\u00e9riode de r\u00e9vision des listes \u00e9lectorales biom\u00e9triques au titre de l\u2019ann\u00e9e 2020. L\u2019op\u00e9ration qui devrait s\u2019arr\u00eat\u00e9e le 31 mars 2020 court d\u00e9sormais jusqu\u2019au 31 mai 2020.<\/p>\n<p>Ce prolongement concerne exclusivement le territoire national. \u00ab Le texte de loi pr\u00e9voit un red\u00e9coupage du pays afin d\u2019assurer une meilleure s\u00e9curit\u00e9 des agents en charge de l\u2019inscription sur les listes \u00e9lectorales. Il permettra aussi une meilleure prise en compte des diff\u00e9rentes populations\u00bb, a expliqu\u00e9 M. Dandjinou.<\/p>\n<p>Dans le secteur de l\u2019\u00e9ducation, le conseil a adopt\u00e9 un d\u00e9cret modificatif du d\u00e9cret de 2016 sur la protection du domaine scolaire. Ces modifications prennent en compte des questions de plus en plus r\u00e9currentes en milieu scolaire comme celles de l\u2019alcool, du tabac et des stup\u00e9fiants. \u00ab Des pr\u00e9cisions sont apport\u00e9es notamment sur la distance du rayon de 400 m \u00e0 partir des limites du domaine scolaire o\u00f9 peuvent s\u2019installer des activit\u00e9s nuisibles \u00e0 la vie acad\u00e9mique \u00bb, a pr\u00e9cis\u00e9 le ministre.<\/p>\n<h3>28 milliards FCFA pour les pistes rurales<\/h3>\n<p>Le d\u00e9cret fait aussi obligation au maire de faire cesser les violations constat\u00e9es dans un d\u00e9lai de 15 jours par la voie administrative et offre la possibilit\u00e9 aux responsables des structures qui connaissent ces violations d\u2019engager des actions judicaires dans un d\u00e9lai d\u2019un mois si la mairie ne fait pas respecter les textes. Un d\u00e9cret portant cr\u00e9ation de la Caisse d\u2019assurance maladie des arm\u00e9es en compl\u00e9ment du dispositif du r\u00e9gime d\u2019assurance maladie universelle a aussi \u00e9t\u00e9 adopt\u00e9.<\/p>\n<p>A \u00e9couter R\u00e9mis Fulgance Dandjinou, ce texte vise \u00e0 accro\u00eetre la capacit\u00e9 op\u00e9rationnelle des forces arm\u00e9es en am\u00e9liorant la sant\u00e9 du personnel militaire ainsi que de leur famille. Outre les d\u00e9crets, l\u2019ex\u00e9cutif burkinab\u00e8 a adopt\u00e9 un rapport relatif \u00e0 l\u2019approbation d\u2019un appel d\u2019offres national pour les travaux d\u2019am\u00e9nagement d\u2019environ 1000 Km de pistes rurales dans 11 r\u00e9gions du Burkina. \u00ab 43 entreprises sont concern\u00e9es avec des d\u00e9lais d\u2019ex\u00e9cutions de 6 \u00e0 10 mois maximum avec un montant de plus de 28 milliards 437 millions F CFA financ\u00e9es par le budget de l\u2019Etat \u00bb, a d\u00e9taill\u00e9 M. Dandjinou. Le porte-parole du gouvernement s\u2019est aussi prononc\u00e9 sur le sit-in de 48 heures des agents des m\u00e9dias publics qui d\u00e9bute ce 20 f\u00e9vrier.<\/p>\n<p>Pour lui, la question qui se pose est celle des r\u00e9mun\u00e9rations des agents. \u00ab Il est accept\u00e9 que nous devons travailler pour l\u2019am\u00e9lioration des conditions de vie des travailleurs. Nous avons fait une proposition que le syndicat estime insuffisante. Je vais les rencontrer une fois encore mais, je ne vois pas ce que le gouvernement pourra ajouter de plus en terme de conditions de travail \u00bb, a d\u00e9clar\u00e9 le ministre. Toutefois, il a dit \u00eatre en phase avec le syndicat sur la question de l\u2019indemnit\u00e9 du code vestimentaire.<br \/>\u00ab Cette indemnit\u00e9 avait \u00e9t\u00e9 augment\u00e9e. D\u2019autres minist\u00e8res se sont engouffr\u00e9s dans la br\u00e8che et certains ont gagn\u00e9 plus que les journalistes. Ces questions peuvent \u00eatre discut\u00e9es. Mais il faut garder la juste mesure pour ne pas mettre en p\u00e9ril l\u2019outil de travail \u00bb, a-t-il pr\u00e9venu.<\/p>\n<p class=\"c1\"><strong>Abdoulaye BALBONE<\/strong><\/p>\n<div class=\"td-a-rec td-a-rec-id-content_bottom tdi_30_bbe td_block_template_1\"><img loading=\"lazy\" decoding=\"async\" class=\"aligncenter size-full wp-image-9623\" src=\"https:\/\/www.sidwaya.info\/wp-content\/uploads\/2019\/06\/Projet-bannie%CC%80re-Orange-mobile.jpg\" alt=\"\" width=\"728\" height=\"81\"\/><\/div>\n<p>Auteur: JK. Sidwaya<br \/>\n<a href=\"https:\/\/www.sidwaya.info\/blog\/2020\/02\/19\/imposition-des-primes-et-indemnites-des-fonctionnaires-effective-pour-compter-de-fevrier-2020\/\">Cliquez ici pour lire l&rsquo;article depuis sa source.<\/a><\/p>\n","protected":false},"excerpt":{"rendered":"<p>Le ministre de la Communication et des Relations avec le Parlement, R\u00e9mis Fulgance Dandjinou a appel\u00e9 la population \u00e0 la retenue, \u00e0 la suite de l\u2019incident survenu \u00e0 Laye. L\u2019hebdomadaire conseil de ministres s\u2019est tenu, le mercredi 19 f\u00e9vrier 2020 \u00e0 Kosyam, sous la conduite du Pr\u00e9sident du Faso, Roch Marc Christian Kabor\u00e9. Plusieurs dossiers [&hellip;]<\/p>\n","protected":false},"author":1816,"featured_media":0,"comment_status":"closed","ping_status":"closed","sticky":false,"template":"","format":"standard","meta":{"fifu_image_url":"","fifu_image_alt":"","footnotes":""},"categories":[73,81],"tags":[],"class_list":["post-76708","post","type-post","status-publish","format-standard","hentry","category-actualite","category-burkina-faso"],"_links":{"self":[{"href":"https:\/\/linitiative.ca\/International\/wp-json\/wp\/v2\/posts\/76708","targetHints":{"allow":["GET"]}}],"collection":[{"href":"https:\/\/linitiative.ca\/International\/wp-json\/wp\/v2\/posts"}],"about":[{"href":"https:\/\/linitiative.ca\/International\/wp-json\/wp\/v2\/types\/post"}],"author":[{"embeddable":true,"href":"https:\/\/linitiative.ca\/International\/wp-json\/wp\/v2\/users\/1816"}],"replies":[{"embeddable":true,"href":"https:\/\/linitiative.ca\/International\/wp-json\/wp\/v2\/comments?post=76708"}],"version-history":[{"count":0,"href":"https:\/\/linitiative.ca\/International\/wp-json\/wp\/v2\/posts\/76708\/revisions"}],"wp:attachment":[{"href":"https:\/\/linitiative.ca\/International\/wp-json\/wp\/v2\/media?parent=76708"}],"wp:term":[{"taxonomy":"category","embeddable":true,"href":"https:\/\/linitiative.ca\/International\/wp-json\/wp\/v2\/categories?post=76708"},{"taxonomy":"post_tag","embeddable":true,"href":"https:\/\/linitiative.ca\/International\/wp-json\/wp\/v2\/tags?post=76708"}],"curies":[{"name":"wp","href":"https:\/\/api.w.org\/{rel}","templated":true}]}}